{"id":2500,"count":1,"description":"","link":"https:\/\/contraluzcucuta.co\/?tag=institucion-educativa-carlos-ramirez-paris","name":"Instituci\u00f3n Educativa Carlos Ram\u00edrez Par\u00eds","slug":"institucion-educativa-carlos-ramirez-paris","taxonomy":"post_tag","meta":[],"_links":{"self":[{"href":"https:\/\/contraluzcucuta.co\/index.php?rest_route=\/wp\/v2\/tags\/2500","targetHints":{"allow":["GET"]}}],"collection":[{"href":"https:\/\/contraluzcucuta.co\/index.php?rest_route=\/wp\/v2\/tags"}],"about":[{"href":"https:\/\/contraluzcucuta.co\/index.php?rest_route=\/wp\/v2\/taxonomies\/post_tag"}],"wp:post_type":[{"href":"https:\/\/contraluzcucuta.co\/index.php?rest_route=%2Fwp%2Fv2%2Fposts&tags=2500"}],"curies":[{"name":"wp","href":"https:\/\/api.w.org\/{rel}","templated":true}]}}