{"id":9937,"date":"2012-03-01T23:12:14","date_gmt":"2012-03-02T04:12:14","guid":{"rendered":"http:\/\/contraluz.co\/?p=9937"},"modified":"2012-03-01T23:12:14","modified_gmt":"2012-03-02T04:12:14","slug":"cucuta-debe-estimular-la-generacion-de-empresa","status":"publish","type":"post","link":"https:\/\/contraluzcucuta.co\/?p=9937","title":{"rendered":"C\u00facuta debe estimular la generaci\u00f3n de empresa"},"content":{"rendered":"<p><strong>C\u00daCUTA.-<\/strong> El municipio debe sostener una pol\u00edtica de est\u00edmulo para la generaci\u00f3n de empresa y de empleo. La recomendaci\u00f3n la hizo Oscar Guti\u00e9rrez coordinador nacional del Di\u00e1logo Social, de la Vicepresidencia de la Rep\u00fablica.<\/p>\n<p>En la corta visita a la ciudad, el experto analiz\u00f3 la situaci\u00f3n de desempleo y la deshonrosa tercera casilla que ocupa C\u00facuta en este rengl\u00f3n en el pa\u00eds. Plante\u00f3 la necesidad de crear recurso humano para los nuevos desarrollos laborales.<\/p>\n<p>El Dane revel\u00f3, el mi\u00e9rcoles, las tasas de ocupaci\u00f3n en Colombia y a la capital de Norte de Santander no le fue bien. En el trimestre comprendido entre noviembre y enero, se conocieron 10.000 nuevos desempleados.<\/p>\n<p>Guti\u00e9rrez se\u00f1al\u00f3 que las locomotoras de la producci\u00f3n, que forman parte del plan de gobierno del presidente Juan Manuel Santos, deben ser impulsadas por los alcaldes.<\/p>\n<p>Propuso como m\u00e9todo para general empleo el avivar los planes de vivienda de inter\u00e9s social, los programas agropecuarios y los procesos de saneamiento b\u00e1sico. En C\u00facuta, el alcalde Donamaris Ram\u00edrez promueve la construcci\u00f3n de 6000 soluciones habitacionales a un costo de $220.000 millones y que promover\u00e1 5000 empleos directos y 5000 indirectos.<\/p>\n<p>Oscar Guti\u00e9rrez, experto en resoluci\u00f3n de conflictos, dijo que en el pa\u00eds deben buscarse soluciones concertadas para alcanzar la paz e insistir en que el mejor mecanismo para llegar a ese punto es el del di\u00e1logo.<\/p>\n<p>Reconoci\u00f3 que en Norte de Santander hay conflictos agudos, entre los que destac\u00f3 la situaci\u00f3n de violencia en El Catatumbo, el reclutamiento forzado de ni\u00f1os para involucrarlos en la guerra, los latos \u00edndices de desempleo y la violaci\u00f3n de los derechos humanos.<\/p>\n<p>El objeto de la visita del\u00a0 coordinador era fortalecer la gesti\u00f3n de los alcaldes y motivar a los gobiernos municipales a incluir una pol\u00edtica de fortalecimiento de los derechos humanos. <\/p>\n","protected":false},"excerpt":{"rendered":"<p>C\u00daCUTA.- El municipio debe sostener una pol\u00edtica de est\u00edmulo para la generaci\u00f3n de empresa y de empleo. La recomendaci\u00f3n la hizo Oscar Guti\u00e9rrez coordinador nacional del Di\u00e1logo Social, de la Vicepresidencia de la Rep\u00fablica. En la corta visita a la ciudad, el experto analiz\u00f3 la situaci\u00f3n de desempleo y la deshonrosa tercera casilla que ocupa &hellip;<\/p>\n","protected":false},"author":1,"featured_media":9939,"comment_status":"open","ping_status":"open","sticky":false,"template":"","format":"standard","meta":{"footnotes":""},"categories":[6],"tags":[178],"class_list":["post-9937","post","type-post","status-publish","format-standard","has-post-thumbnail","hentry","category-ojo-avizor","tag-desempleo"],"_links":{"self":[{"href":"https:\/\/contraluzcucuta.co\/index.php?rest_route=\/wp\/v2\/posts\/9937","targetHints":{"allow":["GET"]}}],"collection":[{"href":"https:\/\/contraluzcucuta.co\/index.php?rest_route=\/wp\/v2\/posts"}],"about":[{"href":"https:\/\/contraluzcucuta.co\/index.php?rest_route=\/wp\/v2\/types\/post"}],"author":[{"embeddable":true,"href":"https:\/\/contraluzcucuta.co\/index.php?rest_route=\/wp\/v2\/users\/1"}],"replies":[{"embeddable":true,"href":"https:\/\/contraluzcucuta.co\/index.php?rest_route=%2Fwp%2Fv2%2Fcomments&post=9937"}],"version-history":[{"count":0,"href":"https:\/\/contraluzcucuta.co\/index.php?rest_route=\/wp\/v2\/posts\/9937\/revisions"}],"wp:attachment":[{"href":"https:\/\/contraluzcucuta.co\/index.php?rest_route=%2Fwp%2Fv2%2Fmedia&parent=9937"}],"wp:term":[{"taxonomy":"category","embeddable":true,"href":"https:\/\/contraluzcucuta.co\/index.php?rest_route=%2Fwp%2Fv2%2Fcategories&post=9937"},{"taxonomy":"post_tag","embeddable":true,"href":"https:\/\/contraluzcucuta.co\/index.php?rest_route=%2Fwp%2Fv2%2Ftags&post=9937"}],"curies":[{"name":"wp","href":"https:\/\/api.w.org\/{rel}","templated":true}]}}