{"id":9736,"date":"2012-02-26T21:03:50","date_gmt":"2012-02-27T02:03:50","guid":{"rendered":"http:\/\/contraluz.co\/?p=9736"},"modified":"2012-02-26T21:03:50","modified_gmt":"2012-02-27T02:03:50","slug":"juegos-nacionales-2012-nadan-en-dos-aguas","status":"publish","type":"post","link":"https:\/\/contraluzcucuta.co\/?p=9736","title":{"rendered":"Juegos Nacionales \u2013 2012 nadan en dos aguas"},"content":{"rendered":"<p><strong>C\u00daCUTA.-<\/strong> La organizaci\u00f3n de los Juegos Nacionales \u2013 2012 tiene amigos y contradictores en C\u00facuta. La sede, pretendida por el departamento hace cuatro d\u00e9cadas, se consigui\u00f3 hace cuatro a\u00f1os y hoy aparece con claroscuros.<\/p>\n<p>El gobernador Edgar D\u00edaz y el alcalde Donamaris Ram\u00edrez est\u00e1n entre los que prefieren CONno llevar a cabo las justas si a la ciudad y a Norte de Santander no le quedan obras significativas, como ha ocurrido en otras partes del pa\u00eds.<\/p>\n<p>Los senadores Manuel Guillermo Mora y Carlos Barriga forman parte del grupo que desea ver el desarrollo deportivo y se comprometieron a trabajar desde el Congreso para conseguir los recursos necesarios para cumplirles a los colombianos con la cita.<\/p>\n<p>Las posiciones se fijaron, el 25 de febrero, en el foro organizado por Periodismo Digital, alianza de medios en el internet, para conocer en qu\u00e9 van los Juegos, cu\u00e1les son los desarrollos, c\u00f3mo est\u00e1n los escenarios y qui\u00e9nes deben apoyar la iniciativa.<\/p>\n<p>El coordinador regional de los Juegos Gregorio Angarita reconoci\u00f3 que en la regi\u00f3n \u201chay demasiado escepticismo entre la gente\u201d por la puesta en marcha de los Nacionales y dijo que se han dejado llevar por \u201cespeculaciones de cafeter\u00eda, de los medios y de los corrillos\u201d.<\/p>\n<p><a href=\"http:\/\/contraluz.co\/wp-content\/uploads\/2012\/02\/TERTULIA-FORO-Y-POLICIA-033.jpg\"><img loading=\"lazy\" decoding=\"async\" class=\"alignnone size-thumbnail wp-image-9739\" title=\"TERTULIA, FORO Y POLICIA 033\" src=\"http:\/\/contraluz.co\/wp-content\/uploads\/2012\/02\/TERTULIA-FORO-Y-POLICIA-033-150x150.jpg\" alt=\"\" width=\"150\" height=\"150\" \/><\/a>\u00a0 <a href=\"http:\/\/contraluz.co\/wp-content\/uploads\/2012\/02\/TERTULIA-FORO-Y-POLICIA-047.jpg\"><img loading=\"lazy\" decoding=\"async\" class=\"alignnone size-thumbnail wp-image-9741\" title=\"TERTULIA, FORO Y POLICIA 047\" src=\"http:\/\/contraluz.co\/wp-content\/uploads\/2012\/02\/TERTULIA-FORO-Y-POLICIA-047-150x150.jpg\" alt=\"\" width=\"150\" height=\"150\" \/><\/a>\u00a0 <a href=\"http:\/\/contraluz.co\/wp-content\/uploads\/2012\/02\/TERTULIA-FORO-Y-POLICIA-061.jpg\"><img loading=\"lazy\" decoding=\"async\" class=\"alignnone size-thumbnail wp-image-9742\" title=\"TERTULIA, FORO Y POLICIA 061\" src=\"http:\/\/contraluz.co\/wp-content\/uploads\/2012\/02\/TERTULIA-FORO-Y-POLICIA-061-150x150.jpg\" alt=\"\" width=\"150\" height=\"150\" \/><\/a><\/p>\n<p>El gobernador D\u00edaz reiter\u00f3 la posici\u00f3n que ha tenido en torno al compromiso y sostuvo que \u201cen manos m\u00edas no hubiera hecho los Juegos\u201d. Explic\u00f3 que en C\u00facuta se est\u00e1n remodelando los escenarios, pero no se construye ninguno, por lo que no le quedar\u00e1 nada a la ciudad.<\/p>\n<p>\u201cEl convenio (de los Juegos) se firm\u00f3 a juro\u201d, agreg\u00f3. La responsabilidad de la falta de recursos para invertir en los municipios sedes recay\u00f3 sobre la administraci\u00f3n municipal que encabez\u00f3 Mar\u00eda Eugenia Riascos, porque no present\u00f3 a tiempo los proyectos en Coldeportes.<\/p>\n<p>El alcalde Ram\u00edrez utiliz\u00f3 una expresi\u00f3n cucute\u00f1a para reflejar la situaci\u00f3n de la capital del departamento. \u201cC\u00facuta no puede seguir siendo la regi\u00f3n a donde tiran las chichiguas\u201d. Enfatiz\u00f3 que no se trata de hacer unos Nacionales de tercera, cuarta o quinta categor\u00edas.<\/p>\n<p>\u201cSi el Gobierno no permite que parte del cambio se d\u00e9 en C\u00facuta, estoy dispuesto a no hacer los Juegos\u201d, agreg\u00f3 Donamaris Ram\u00edrez. \u201cSi\u00a0 nos dan los recursos, los complementamos\u201d, indic\u00f3 y lanz\u00f3 el dardo a \u201cla administraci\u00f3n pasada (porque) prometi\u00f3 y no dej\u00f3 nada\u201d para la organizaci\u00f3n de las justas.<\/p>\n<p>En defensa del gobierno anterior sali\u00f3 \u00c1lvaro Ord\u00f3\u00f1ez, exdirector del IMRD, y le tir\u00f3 la culpa a Coldeportes, porque se comprometi\u00f3 a aportar $30.000 millones y poco a poco baj\u00f3 el presupuesto hasta reducirlo a la m\u00ednima expresi\u00f3n.<\/p>\n<p>\u201cColdeportes gast\u00f3 la plata en el Mundial Sub20 y no recibi\u00f3 proyectos. No es tanta la culpa del municipio sino de Coldeportes\u201d, manifest\u00f3 el exfuncionario.<\/p>\n<p>A ocho meses del inicio de los Juegos, se han invertido $8101 millones por parte de la Gobernaci\u00f3n de Norte de Santander; $4800 millones de Coldeportes, por intermedio de Compensar, y hay prometidos otros $4800 millones para terminar el estadio Centenario de Atalaya y la adecuaci\u00f3n del coliseo menor Eustorgio Colmenares.<\/p>\n<p>Gregorio Angarita, en cuanto a la asignaci\u00f3n de recursos, dijo que en Monter\u00eda y Popay\u00e1n, sedes alternas de los Nacionales, \u201ccomieron m\u00e1s avispa y consiguieron $18.000 millones\u201d, cada una, para los escenarios.<\/p>\n<p><a href=\"http:\/\/contraluz.co\/wp-content\/uploads\/2012\/02\/TERTULIA-FORO-Y-POLICIA-080.jpg\"><img loading=\"lazy\" decoding=\"async\" class=\"alignnone size-thumbnail wp-image-9745\" title=\"TERTULIA, FORO Y POLICIA 080\" src=\"http:\/\/contraluz.co\/wp-content\/uploads\/2012\/02\/TERTULIA-FORO-Y-POLICIA-080-150x150.jpg\" alt=\"\" width=\"150\" height=\"150\" \/><\/a>\u00a0 <a href=\"http:\/\/contraluz.co\/wp-content\/uploads\/2012\/02\/TERTULIA-FORO-Y-POLICIA-064.jpg\"><img loading=\"lazy\" decoding=\"async\" class=\"alignnone size-thumbnail wp-image-9747\" title=\"TERTULIA, FORO Y POLICIA 064\" src=\"http:\/\/contraluz.co\/wp-content\/uploads\/2012\/02\/TERTULIA-FORO-Y-POLICIA-064-150x150.jpg\" alt=\"\" width=\"150\" height=\"150\" \/><\/a>\u00a0 <a href=\"http:\/\/contraluz.co\/wp-content\/uploads\/2012\/02\/TERTULIA-FORO-Y-POLICIA-034.jpg\"><img loading=\"lazy\" decoding=\"async\" class=\"alignnone size-thumbnail wp-image-9749\" title=\"TERTULIA, FORO Y POLICIA 034\" src=\"http:\/\/contraluz.co\/wp-content\/uploads\/2012\/02\/TERTULIA-FORO-Y-POLICIA-034-150x150.jpg\" alt=\"\" width=\"150\" height=\"150\" \/><\/a><\/p>\n<p>Presidentes de ligas tambi\u00e9n removieron las aguas de los Juegos y mostraron contradicciones. La de basquetbol est\u00e1 por el no y la de patinaje, por el s\u00ed. Para nataci\u00f3n hubo una mala noticia, no habr\u00e1 complejo acu\u00e1tico, y para la gimnasia habr\u00e1 buenos vientos. Para atletismo se abre la posibilidad de organizar las competencias en general, y para f\u00fatbol solo se har\u00e1n adecuaciones al estadio General Santander.<\/p>\n<p>La Villa Ol\u00edmpica no se construir\u00e1 por un litigio que existe entre el ministerio de Desarrollo y un particular por el dominio del terreno en la Zona Franca.<\/p>\n<p>\u201cLa preocupaci\u00f3n es grande\u201d, concluy\u00f3 Gregorio Angarita a manera de resumen. Los participantes, m\u00e1s de medio centenar, salieron con id\u00e9ntico sabor. Los Juegos se disputar\u00e1n entre finales de noviembre y comienzos de diciembre y los paral\u00edmpicos en la primera semana de diciembre.<\/p>\n<p>La actividad marc\u00f3 el punto de partida de la alianza Periodismo Digital, en la que est\u00e1n comprometidos <a href=\"http:\/\/www.asiescucuta.com\/\">www.asiescucuta.com<\/a>; <a href=\"http:\/\/www.soyrojinegro.com\/\">www.soyrojinegro.com<\/a>; <a href=\"http:\/\/www.elcatedratico.com\/\">www.elcatedratico.com<\/a>; <a href=\"http:\/\/www.sportnoticias.com\/\">www.sportnoticias.com<\/a> y <a href=\"http:\/\/www.contraluz.co\/\">www.contraluz.co<\/a><\/p>\n<p>RAFAEL ANTONIO PAB\u00d3N<\/p>\n<p><a href=\"mailto:rafaelpabon58@hotmail.com\">rafaelpabon58@hotmail.com<\/a> <\/p>\n","protected":false},"excerpt":{"rendered":"<p>C\u00daCUTA.- La organizaci\u00f3n de los Juegos Nacionales \u2013 2012 tiene amigos y contradictores en C\u00facuta. La sede, pretendida por el departamento hace cuatro d\u00e9cadas, se consigui\u00f3 hace cuatro a\u00f1os y hoy aparece con claroscuros. El gobernador Edgar D\u00edaz y el alcalde Donamaris Ram\u00edrez est\u00e1n entre los que prefieren CONno llevar a cabo las justas si &hellip;<\/p>\n","protected":false},"author":1,"featured_media":9738,"comment_status":"open","ping_status":"open","sticky":false,"template":"","format":"standard","meta":{"footnotes":""},"categories":[4,28],"tags":[172],"class_list":["post-9736","post","type-post","status-publish","format-standard","has-post-thumbnail","hentry","category-barra","category-vistazo-deportivo","tag-juegos-nacionales"],"_links":{"self":[{"href":"https:\/\/contraluzcucuta.co\/index.php?rest_route=\/wp\/v2\/posts\/9736","targetHints":{"allow":["GET"]}}],"collection":[{"href":"https:\/\/contraluzcucuta.co\/index.php?rest_route=\/wp\/v2\/posts"}],"about":[{"href":"https:\/\/contraluzcucuta.co\/index.php?rest_route=\/wp\/v2\/types\/post"}],"author":[{"embeddable":true,"href":"https:\/\/contraluzcucuta.co\/index.php?rest_route=\/wp\/v2\/users\/1"}],"replies":[{"embeddable":true,"href":"https:\/\/contraluzcucuta.co\/index.php?rest_route=%2Fwp%2Fv2%2Fcomments&post=9736"}],"version-history":[{"count":0,"href":"https:\/\/contraluzcucuta.co\/index.php?rest_route=\/wp\/v2\/posts\/9736\/revisions"}],"wp:attachment":[{"href":"https:\/\/contraluzcucuta.co\/index.php?rest_route=%2Fwp%2Fv2%2Fmedia&parent=9736"}],"wp:term":[{"taxonomy":"category","embeddable":true,"href":"https:\/\/contraluzcucuta.co\/index.php?rest_route=%2Fwp%2Fv2%2Fcategories&post=9736"},{"taxonomy":"post_tag","embeddable":true,"href":"https:\/\/contraluzcucuta.co\/index.php?rest_route=%2Fwp%2Fv2%2Ftags&post=9736"}],"curies":[{"name":"wp","href":"https:\/\/api.w.org\/{rel}","templated":true}]}}