{"id":5413,"date":"2011-10-11T23:37:20","date_gmt":"2011-10-12T04:37:20","guid":{"rendered":"http:\/\/contraluz.co\/?p=5413"},"modified":"2011-10-11T23:37:20","modified_gmt":"2011-10-12T04:37:20","slug":"cientos-de-cucutenos-buscan-empleo","status":"publish","type":"post","link":"https:\/\/contraluzcucuta.co\/?p=5413","title":{"rendered":"Cientos de cucute\u00f1os buscan empleo"},"content":{"rendered":"<p><strong>C\u00daCUTA.-<\/strong> Cientos de cientos de cucute\u00f1os, hombres y mujeres, j\u00f3venes y adultos, profesionales y reci\u00e9n graduados, novatos y experimentados, risue\u00f1os y serios, elegantes y vestidos para buscar empleo, hicieron fila en la biblioteca p\u00fablica Julio P\u00e9rez Ferrero con la hoja de vida en la mano o en el sobaco para optar por uno de los puestos de trabajo que se ofrecen en la ciudad, en desarrollo de la Feria del Empleo y Emprendimiento que organizan el Sena y la C\u00e1mara de Comercio de C\u00facuta.<\/p>\n<p>Los esperanzados desempleados llegaron desde las 4:00 de la ma\u00f1ana y se le midieron a la larga cola que iniciaba en el patio del antiguo hospital San Juan de Dios, recorr\u00eda los pasillos, sub\u00eda por la escalera lateral y llegaba a uno de los pabellones.<\/p>\n<p>En ese sal\u00f3n amplio que alguna vez alberg\u00f3 enfermos, los so\u00f1adores\u00a0 entregaron la carpeta, rogaron a las \u00e1nimas que hubiera una vacante seg\u00fan su perfil y quedaron registrados en el banco de datos.<\/p>\n<p>Ah\u00ed no termin\u00f3 el recorrido. Ahora, deben esperar que desde el Sena o desde cualquiera de las bolsas de empleo los llamen para firmar contrato, ingresar a una empresa y dejar de ser un n\u00famero m\u00e1s en la lista de desocupados del pa\u00eds.<\/p>\n<p>Para optar por las 740 plazas disponibles llegaron auxiliares contables, asesores de ventas, cajeros, administradores de empresas, servicios generales, t\u00e9cnicos preescolares, bacteri\u00f3logos, auxiliares de contadur\u00eda, dise\u00f1adoras de modas, ingenieros de sistemas, electr\u00f3nicos y civiles, tecn\u00f3logos comerciales y especialistas en mercadeo, entre muchas otras profesiones, oficios y artes.<\/p>\n<p>En varias ciudades del pa\u00eds la actividad se cumpli\u00f3 en un d\u00eda. En C\u00facuta, el Sena permiti\u00f3 que la jornada se extendiera tres d\u00edas teniendo en cuenta la situaci\u00f3n econ\u00f3mica que afronta la frontera por las relaciones con Venezuela.<\/p>\n<p>\u201cEl objetivo es llenar las vacantes\u201d, dijo el director regional del Sena, Jos\u00e9 Antonio Lizarazo, y agreg\u00f3 que para cumplir con ese cometido se sacaron las oficinas de la entidad para ponerlas al servicio de la comunidad.<\/p>\n<p>\u201cDebemos seguir articulados al sector p\u00fablico y las universidades para apoyar a los emprendedores\u201d, dijo Orlando Arenas, director del departamento de investigaciones de la C\u00e1mara de Comercio de C\u00facuta.<\/p>\n<p><a href=\"http:\/\/contraluz.co\/wp-content\/uploads\/2011\/10\/IMG_2069.jpg\"><img loading=\"lazy\" decoding=\"async\" class=\"alignnone size-thumbnail wp-image-5415\" title=\"Contraluz.co\" src=\"http:\/\/contraluz.co\/wp-content\/uploads\/2011\/10\/IMG_2069-150x150.jpg\" alt=\"\" width=\"150\" height=\"150\" \/><\/a>\u00a0\u00a0 <a href=\"http:\/\/contraluz.co\/wp-content\/uploads\/2011\/10\/IMG_2078.jpg\"><img loading=\"lazy\" decoding=\"async\" class=\"alignnone size-thumbnail wp-image-5416\" title=\"Contraluz.co\" src=\"http:\/\/contraluz.co\/wp-content\/uploads\/2011\/10\/IMG_2078-150x150.jpg\" alt=\"\" width=\"150\" height=\"150\" \/><\/a>\u00a0\u00a0 <a href=\"http:\/\/contraluz.co\/wp-content\/uploads\/2011\/10\/IMG_20711.jpg\"><img loading=\"lazy\" decoding=\"async\" class=\"alignnone size-thumbnail wp-image-5417\" title=\"Contraluz.co\" src=\"http:\/\/contraluz.co\/wp-content\/uploads\/2011\/10\/IMG_20711-150x150.jpg\" alt=\"\" width=\"150\" height=\"150\" \/><\/a><\/p>\n<p><strong>EMPRENDIMIENTO REGIONAL<\/strong><\/p>\n<p>En los \u00faltimos ocho a\u00f1os el emprendimiento ha crecido en Norte de Santander. En este tiempo, se han creado:<\/p>\n<p><strong>1.-<\/strong> Seis unidades en las universidades y el Sena<\/p>\n<p><strong>2.-<\/strong> Un laboratorio para la innovaci\u00f3n empresarial<\/p>\n<p><strong>3.-<\/strong> Una incubadora de empresas de base tecnol\u00f3gica<\/p>\n<p><strong>4.-<\/strong> Tres c\u00e1maras de Comercio orientan a emprendedores<\/p>\n<p><strong>5.-<\/strong> Redes regionales para el emprendimiento.<\/p>\n<p>Tambi\u00e9n, se ha logrado hasta la fecha:<\/p>\n<p><strong>1.-<\/strong> la elaboraci\u00f3n del Plan de Emprendimiento, aprobado por el Ministerio de Comercio ((2010)<\/p>\n<p><strong>2.-<\/strong> Se reactiv\u00f3 la red Departamental de Emprendimiento<\/p>\n<p><strong>3.-<\/strong> Se incluy\u00f3 a C\u00facuta en el Plan Nacional de Emprendimiento con 14 C\u00e1maras de Comercio<\/p>\n<p><strong>4.-<\/strong> Se logr\u00f3 el aporte de $240 millones para crear el Laboratorio de Emprendimiento Emprendedor<\/p>\n<p><strong>5.-<\/strong> Se desarrolla el programa Mujeres ECO, en conjunto con las C\u00e1maras de Comercio de Bucaramanga, Barrancabermeja, Cartagena y C\u00facuta, y que tiene un valor de 2,0 millones de d\u00f3lares.<\/p>\n<p><strong>6.-<\/strong> la ONG Cida y la universidad de Carleton apoyan el programa para la disminuci\u00f3n de la pobreza y la informalidad, y el fomento del emprendimiento, por valor de 5,0 millones de d\u00f3lares.<\/p>\n<p><strong>7.-<\/strong> Se presentaron 30 planes de negocios al Fondo Emprender, del Sena.<\/p>\n<p><strong>8.-<\/strong> Se constituy\u00f3 la Unidad de Emprendimiento con vinculaci\u00f3n de seis universidades de la regi\u00f3n.<\/p>\n<p>RAFAEL ANTONIO PAB\u00d3N<\/p>\n<p><a href=\"mailto:rafaelpabon58@hotmail.com\">rafaelpabon58@hotmail.com<\/a><\/p>\n<p>Fotos: MARIO CAICEDO<\/p>\n<p><a href=\"mailto:mariocaicedo30@gmail.com\">mariocaicedo30@gmail.com<\/a><\/p>\n<p>&nbsp; <\/p>\n","protected":false},"excerpt":{"rendered":"<p>C\u00daCUTA.- Cientos de cientos de cucute\u00f1os, hombres y mujeres, j\u00f3venes y adultos, profesionales y reci\u00e9n graduados, novatos y experimentados, risue\u00f1os y serios, elegantes y vestidos para buscar empleo, hicieron fila en la biblioteca p\u00fablica Julio P\u00e9rez Ferrero con la hoja de vida en la mano o en el sobaco para optar por uno de los &hellip;<\/p>\n","protected":false},"author":1,"featured_media":5414,"comment_status":"open","ping_status":"open","sticky":false,"template":"","format":"standard","meta":{"footnotes":""},"categories":[4,36],"tags":[52,159],"class_list":["post-5413","post","type-post","status-publish","format-standard","has-post-thumbnail","hentry","category-barra","category-la-voz-del-pueblo","tag-camara-de-comercio-cucuta","tag-sena"],"_links":{"self":[{"href":"https:\/\/contraluzcucuta.co\/index.php?rest_route=\/wp\/v2\/posts\/5413","targetHints":{"allow":["GET"]}}],"collection":[{"href":"https:\/\/contraluzcucuta.co\/index.php?rest_route=\/wp\/v2\/posts"}],"about":[{"href":"https:\/\/contraluzcucuta.co\/index.php?rest_route=\/wp\/v2\/types\/post"}],"author":[{"embeddable":true,"href":"https:\/\/contraluzcucuta.co\/index.php?rest_route=\/wp\/v2\/users\/1"}],"replies":[{"embeddable":true,"href":"https:\/\/contraluzcucuta.co\/index.php?rest_route=%2Fwp%2Fv2%2Fcomments&post=5413"}],"version-history":[{"count":0,"href":"https:\/\/contraluzcucuta.co\/index.php?rest_route=\/wp\/v2\/posts\/5413\/revisions"}],"wp:attachment":[{"href":"https:\/\/contraluzcucuta.co\/index.php?rest_route=%2Fwp%2Fv2%2Fmedia&parent=5413"}],"wp:term":[{"taxonomy":"category","embeddable":true,"href":"https:\/\/contraluzcucuta.co\/index.php?rest_route=%2Fwp%2Fv2%2Fcategories&post=5413"},{"taxonomy":"post_tag","embeddable":true,"href":"https:\/\/contraluzcucuta.co\/index.php?rest_route=%2Fwp%2Fv2%2Ftags&post=5413"}],"curies":[{"name":"wp","href":"https:\/\/api.w.org\/{rel}","templated":true}]}}