{"id":5402,"date":"2011-10-11T23:18:20","date_gmt":"2011-10-12T04:18:20","guid":{"rendered":"http:\/\/contraluz.co\/?p=5402"},"modified":"2011-10-11T23:18:20","modified_gmt":"2011-10-12T04:18:20","slug":"seguimiento-a-campamento-de-las-farc-inicio-hace-un-ano","status":"publish","type":"post","link":"https:\/\/contraluzcucuta.co\/?p=5402","title":{"rendered":"Seguimiento a campamento de las Farc inici\u00f3 hace un a\u00f1o"},"content":{"rendered":"<p><strong>C\u00daCUTA.-<\/strong> Hace un a\u00f1o inici\u00f3 la investigaci\u00f3n de la Direcci\u00f3n Antisecuestro y la Direcci\u00f3n Antiextorsi\u00f3n de la Polic\u00eda para dar con el campamento del frente 33 de las Farc. El resultado del trabajo se materializ\u00f3, el lunes, con el bombardeo al lugar de asentamiento de los guerrilleros.<\/p>\n<p>El ataque policial en la vereda el Tagual (Sardinata) dej\u00f3 al menos 14 subversivos muertos y una treintena de heridos. En el operativo colaboraron la Fuerza A\u00e9rea Colombiana y el Ej\u00e9rcito.<\/p>\n<p>El frente 33, seg\u00fan las indagaciones oficiales, adem\u00e1s del hostigamiento a la polic\u00eda extorsiona a los habitantes de Sardinata y se financia con el narcotr\u00e1fico.<\/p>\n<p>El resultado de la operaci\u00f3n es el siguiente:<\/p>\n<p><strong>1.-<\/strong> Once guerrilleros muertos<\/p>\n<p>Incautaciones<\/p>\n<p><strong>1.-<\/strong> Ocho fusiles<\/p>\n<p><strong>2.-<\/strong> Tres morteros<\/p>\n<p><strong>3.-<\/strong> Seis tatucos<\/p>\n<p><strong>4.-<\/strong> Dos pistolas<\/p>\n<p><strong>5.-<\/strong> Abundante munici\u00f3n<\/p>\n<p><strong>6.-<\/strong> Explosivos<\/p>\n<p><strong>7.-<\/strong> Elementos de campa\u00f1a<\/p>\n<p>\u201cTenemos identificado al cabecilla de la columna m\u00f3vil \u2018Antonia Santos\u2019, que es alias \u2018El Negro Eli\u00e9cer\u2019. No sabemos si cay\u00f3 entre los muertos\u201d, dijo el brigadier general Luis Alberto\u00a0P\u00e9rez Alvar\u00e1n, Director\u00a0Antinarc\u00f3ticos\u00a0de la Polic\u00eda.<\/p>\n<p>La columna m\u00f3vil afectaba a la poblaci\u00f3n civil y a la fuerza p\u00fablica, en particular a la polic\u00eda, con ataques contra la subestaci\u00f3n de Las Mercedes.<\/p>\n<p>En la zona hay 100 hombres y helic\u00f3pteros de la Fuerza A\u00e9rea, la Polic\u00eda y el Ej\u00e9rcito. \u201cEste componente nos permite consolidar la zona y seguir en la b\u00fasqueda\u00a0\u00a0\u00a0 de los guerrilleros, porque lo importante no es lo que se hizo sino lo que hay que hacer\u201d, asegur\u00f3 el oficial.<\/p>\n<p>Adem\u00e1s del campamento bombardeado, los guerrilleros ten\u00edan otros alternos o adyacentes. El frente 33 exportaba una tonelada de coca\u00edna al mes. La llegada al sitio se produjo \u201cporque logramos penetrar\u00a0 a uno de los miembros de seguridad del cabecilla de la columna m\u00f3vil\u201d que act\u00faa, especialmente, a \u00c1brego, Sardinata y El Zulia.<\/p>\n<p>Los dos uniformados heridos fueron llevados a Bogot\u00e1 para recibir atenci\u00f3n m\u00e9dica en el hospital de la polic\u00eda y el estado de salud es bueno, confirm\u00f3 el brigadier general P\u00e9rez Alvar\u00e1n.<\/p>\n<p>Las unidades que participaron en el operativo son especializadas de la Direcci\u00f3n Antinarc\u00f3ticos y de la Direcci\u00f3n Antisecuestro.<\/p>\n<p>&nbsp;<\/p>\n<p>&nbsp; <\/p>\n","protected":false},"excerpt":{"rendered":"<p>C\u00daCUTA.- Hace un a\u00f1o inici\u00f3 la investigaci\u00f3n de la Direcci\u00f3n Antisecuestro y la Direcci\u00f3n Antiextorsi\u00f3n de la Polic\u00eda para dar con el campamento del frente 33 de las Farc. El resultado del trabajo se materializ\u00f3, el lunes, con el bombardeo al lugar de asentamiento de los guerrilleros. El ataque policial en la vereda el Tagual &hellip;<\/p>\n","protected":false},"author":1,"featured_media":5403,"comment_status":"open","ping_status":"open","sticky":false,"template":"","format":"standard","meta":{"footnotes":""},"categories":[11,4],"tags":[],"class_list":["post-5402","post","type-post","status-publish","format-standard","has-post-thumbnail","hentry","category-cronica-roja","category-barra"],"_links":{"self":[{"href":"https:\/\/contraluzcucuta.co\/index.php?rest_route=\/wp\/v2\/posts\/5402","targetHints":{"allow":["GET"]}}],"collection":[{"href":"https:\/\/contraluzcucuta.co\/index.php?rest_route=\/wp\/v2\/posts"}],"about":[{"href":"https:\/\/contraluzcucuta.co\/index.php?rest_route=\/wp\/v2\/types\/post"}],"author":[{"embeddable":true,"href":"https:\/\/contraluzcucuta.co\/index.php?rest_route=\/wp\/v2\/users\/1"}],"replies":[{"embeddable":true,"href":"https:\/\/contraluzcucuta.co\/index.php?rest_route=%2Fwp%2Fv2%2Fcomments&post=5402"}],"version-history":[{"count":0,"href":"https:\/\/contraluzcucuta.co\/index.php?rest_route=\/wp\/v2\/posts\/5402\/revisions"}],"wp:attachment":[{"href":"https:\/\/contraluzcucuta.co\/index.php?rest_route=%2Fwp%2Fv2%2Fmedia&parent=5402"}],"wp:term":[{"taxonomy":"category","embeddable":true,"href":"https:\/\/contraluzcucuta.co\/index.php?rest_route=%2Fwp%2Fv2%2Fcategories&post=5402"},{"taxonomy":"post_tag","embeddable":true,"href":"https:\/\/contraluzcucuta.co\/index.php?rest_route=%2Fwp%2Fv2%2Ftags&post=5402"}],"curies":[{"name":"wp","href":"https:\/\/api.w.org\/{rel}","templated":true}]}}