{"id":47527,"date":"2026-09-04T14:17:35","date_gmt":"2026-09-04T19:17:35","guid":{"rendered":"https:\/\/contraluzcucuta.co\/?p=47527"},"modified":"2026-09-04T14:17:35","modified_gmt":"2026-09-04T19:17:35","slug":"incendios-forestales-189-hectareas-afectadas-en-norte-de-santander","status":"publish","type":"post","link":"https:\/\/contraluzcucuta.co\/?p=47527","title":{"rendered":"INCENDIOS FORESTALES. 189 hect\u00e1reas afectadas en Norte de Santander"},"content":{"rendered":"<p style=\"text-align: right;\"><strong>C\u00daCUTA.<\/strong><\/p>\n<p style=\"padding-left: 40px;\"><strong><span style=\"color: #ff9900;\">M\u00e1s de 189 hect\u00e1reas de cobertura vegetal han sido afectadas por los incendios forestales, durante los \u00faltimos d\u00edas, en Norte de Santander. Ante el incremento de las llamas, la secretar\u00eda Departamental de Gesti\u00f3n del Riesgo de Desastres activ\u00f3 el plan de contingencia interinstitucional. De esa manera se atender\u00e1n las emergencias y se reforz\u00f3 el monitoreo en las subregiones del departamento.<\/span><\/strong><\/p>\n<p style=\"text-align: right;\"><a href=\"https:\/\/contraluzcucuta.co\/wp-content\/uploads\/2026\/09\/INCENDIOS-FORESTALES-2.jpeg\"><img loading=\"lazy\" decoding=\"async\" class=\"alignnone  wp-image-47530\" src=\"https:\/\/contraluzcucuta.co\/wp-content\/uploads\/2026\/09\/INCENDIOS-FORESTALES-2-300x225.jpeg\" alt=\"\" width=\"228\" height=\"171\" srcset=\"https:\/\/contraluzcucuta.co\/wp-content\/uploads\/2026\/09\/INCENDIOS-FORESTALES-2-300x225.jpeg 300w, https:\/\/contraluzcucuta.co\/wp-content\/uploads\/2026\/09\/INCENDIOS-FORESTALES-2-1024x768.jpeg 1024w, https:\/\/contraluzcucuta.co\/wp-content\/uploads\/2026\/09\/INCENDIOS-FORESTALES-2-768x576.jpeg 768w, https:\/\/contraluzcucuta.co\/wp-content\/uploads\/2026\/09\/INCENDIOS-FORESTALES-2-1536x1152.jpeg 1536w, https:\/\/contraluzcucuta.co\/wp-content\/uploads\/2026\/09\/INCENDIOS-FORESTALES-2.jpeg 1600w\" sizes=\"auto, (max-width: 228px) 100vw, 228px\" \/><\/a><a href=\"https:\/\/contraluzcucuta.co\/wp-content\/uploads\/2026\/09\/INCENDIOS-FORESTALES-1.jpeg\"><img loading=\"lazy\" decoding=\"async\" class=\"alignnone size-medium wp-image-47529\" src=\"https:\/\/contraluzcucuta.co\/wp-content\/uploads\/2026\/09\/INCENDIOS-FORESTALES-1-300x169.jpeg\" alt=\"\" width=\"300\" height=\"169\" srcset=\"https:\/\/contraluzcucuta.co\/wp-content\/uploads\/2026\/09\/INCENDIOS-FORESTALES-1-300x169.jpeg 300w, https:\/\/contraluzcucuta.co\/wp-content\/uploads\/2026\/09\/INCENDIOS-FORESTALES-1-1024x576.jpeg 1024w, https:\/\/contraluzcucuta.co\/wp-content\/uploads\/2026\/09\/INCENDIOS-FORESTALES-1-768x432.jpeg 768w, https:\/\/contraluzcucuta.co\/wp-content\/uploads\/2026\/09\/INCENDIOS-FORESTALES-1-1536x864.jpeg 1536w, https:\/\/contraluzcucuta.co\/wp-content\/uploads\/2026\/09\/INCENDIOS-FORESTALES-1.jpeg 1599w\" sizes=\"auto, (max-width: 300px) 100vw, 300px\" \/><\/a><\/p>\n<p>Durania, C\u00e1chira, C\u00facuta, Convenci\u00f3n y Salazar de las Palmas han reportado afectaciones. De acuerdo con el seguimiento de las autoridades, gran parte de las conflagraciones estar\u00edan relacionadas con quemas agr\u00edcolas que se salen de control. Esa pr\u00e1ctica representa riesgo mayor durante la temporada de altas temperaturas y fuertes vientos.<\/p>\n<p>\u201cCasi la totalidad de las emergencias tiene origen com\u00fan: las mal llamadas \u2018quemas controladas\u2019\u201d, afirm\u00f3 el secretario departamental de Gesti\u00f3n del Riesgo de Desastres, William Vera. En esta temporada no es recomendable hacer estas malas pr\u00e1cticas. \u201cUna chispa, un fuego mal supervisado o un descuido puede ocasionar la emergencia ambiental\u201d,<\/p>\n<p>Para responder a los incendios, la Gobernaci\u00f3n mantiene articulaci\u00f3n con las alcald\u00edas, los Cuerpos de Bomberos, la Defensa Civil Colombiana, los coordinadores municipales de Gesti\u00f3n del Riesgo y los comit\u00e9s comunitarios. El trabajo conjunto ha permitido atender los puntos cr\u00edticos, contener las llamas y reducir el impacto sobre la cobertura vegetal y las fuentes h\u00eddricas.<\/p>\n<p>El funcionario destac\u00f3 la labor de los organismos de socorro y de las comunidades que han participado en la atenci\u00f3n de las emergencias.<\/p>\n<p>La Sala de Crisis Departamental continuar\u00e1 con el monitoreo las 24 horas para identificar nuevos focos y coordinar la respuesta. La Gobernaci\u00f3n hizo un llamado a la ciudadan\u00eda a evitar las quemas sin control y a reportar oportunamente cualquier incendio o actividad que pueda generar una conflagraci\u00f3n ante las autoridades competentes.<\/p>\n<p><strong>DIANA VALDERRAMA &#8211; @GoberNorte<\/strong><\/p>\n","protected":false},"excerpt":{"rendered":"<p>C\u00daCUTA. M\u00e1s de 189 hect\u00e1reas de cobertura vegetal han sido afectadas por los incendios forestales, durante los \u00faltimos d\u00edas, en Norte de Santander. Ante el incremento de las llamas, la secretar\u00eda Departamental de Gesti\u00f3n del Riesgo de Desastres activ\u00f3 el plan de contingencia interinstitucional. De esa manera se atender\u00e1n las emergencias y se reforz\u00f3 el &hellip;<\/p>\n","protected":false},"author":1,"featured_media":47528,"comment_status":"open","ping_status":"open","sticky":false,"template":"","format":"standard","meta":{"footnotes":""},"categories":[11,4],"tags":[6260,6095,619],"class_list":["post-47527","post","type-post","status-publish","format-standard","has-post-thumbnail","hentry","category-cronica-roja","category-barra","tag-gestion-del-riesgo-de-desastres","tag-incendios-forestales","tag-norte-de-santander"],"_links":{"self":[{"href":"https:\/\/contraluzcucuta.co\/index.php?rest_route=\/wp\/v2\/posts\/47527","targetHints":{"allow":["GET"]}}],"collection":[{"href":"https:\/\/contraluzcucuta.co\/index.php?rest_route=\/wp\/v2\/posts"}],"about":[{"href":"https:\/\/contraluzcucuta.co\/index.php?rest_route=\/wp\/v2\/types\/post"}],"author":[{"embeddable":true,"href":"https:\/\/contraluzcucuta.co\/index.php?rest_route=\/wp\/v2\/users\/1"}],"replies":[{"embeddable":true,"href":"https:\/\/contraluzcucuta.co\/index.php?rest_route=%2Fwp%2Fv2%2Fcomments&post=47527"}],"version-history":[{"count":1,"href":"https:\/\/contraluzcucuta.co\/index.php?rest_route=\/wp\/v2\/posts\/47527\/revisions"}],"predecessor-version":[{"id":47531,"href":"https:\/\/contraluzcucuta.co\/index.php?rest_route=\/wp\/v2\/posts\/47527\/revisions\/47531"}],"wp:featuredmedia":[{"embeddable":true,"href":"https:\/\/contraluzcucuta.co\/index.php?rest_route=\/wp\/v2\/media\/47528"}],"wp:attachment":[{"href":"https:\/\/contraluzcucuta.co\/index.php?rest_route=%2Fwp%2Fv2%2Fmedia&parent=47527"}],"wp:term":[{"taxonomy":"category","embeddable":true,"href":"https:\/\/contraluzcucuta.co\/index.php?rest_route=%2Fwp%2Fv2%2Fcategories&post=47527"},{"taxonomy":"post_tag","embeddable":true,"href":"https:\/\/contraluzcucuta.co\/index.php?rest_route=%2Fwp%2Fv2%2Ftags&post=47527"}],"curies":[{"name":"wp","href":"https:\/\/api.w.org\/{rel}","templated":true}]}}