{"id":47523,"date":"2026-09-01T11:29:04","date_gmt":"2026-09-01T16:29:04","guid":{"rendered":"https:\/\/contraluzcucuta.co\/?p=47523"},"modified":"2026-09-01T11:30:09","modified_gmt":"2026-09-01T16:30:09","slug":"aula-universitaria-marliz-guerrero-gano-concurso-regional-de-oratoria","status":"publish","type":"post","link":"https:\/\/contraluzcucuta.co\/?p=47523","title":{"rendered":"AULA UNIVERSITARIA. Marliz Guerrero gan\u00f3 concurso regional de oratoria"},"content":{"rendered":"<p style=\"text-align: right;\"><strong>C\u00daCUTA.<\/strong><\/p>\n<p style=\"padding-left: 40px;\"><strong><span style=\"color: #ff9900;\">El Uso de redes y formatos para movilizar la sostenibilidad e inclusi\u00f3n fue el tema que escogi\u00f3 Marliz Guerrero para participar en el Concurso Regional de Oratoria. La jornada se cumpli\u00f3 a finales de agosto, en Bucaramanga. La joven cucute\u00f1a alcanz\u00f3 el primer puesto categor\u00eda superior. Este honor lo conoce hace a\u00f1os, porque en la capital santandereana ha ganado en otras ocasiones.<\/span><\/strong><\/p>\n<p>Ahora, la estudiante de Comunicaci\u00f3n Social, en la Universidad de Pamplona (C\u00facuta) representar\u00e1 a Norte de Santander y Santander en el nacional que se cumplir\u00e1, el 21 de noviembre, en Bogot\u00e1. La preparaci\u00f3n contin\u00faa en esta capital para cumplir el objetivo que regresar con el m\u00e1ximo galard\u00f3n.<\/p>\n<p>Los organizadores de los concursos dan las pautas y explican las reglas. Los participantes conocen el tema comienzan a investigarlo para consolidarla disertaci\u00f3n. El discurso se comienza con frases filos\u00f3ficas para despertar el inter\u00e9s de asistentes y jurados. Despu\u00e9s del saludo al p\u00fablico, hacen presentaci\u00f3n personal. En tres minutos deben desarrollar el tema asignado. La actuaci\u00f3n culmina con el mensaje y la ense\u00f1anza.<\/p>\n<p>LEA: <a href=\"https:\/\/contraluzcucuta.co\/?p=45768\">https:\/\/contraluzcucuta.co\/?p=45768<\/a><\/p>\n","protected":false},"excerpt":{"rendered":"<p>C\u00daCUTA. El Uso de redes y formatos para movilizar la sostenibilidad e inclusi\u00f3n fue el tema que escogi\u00f3 Marliz Guerrero para participar en el Concurso Regional de Oratoria. La jornada se cumpli\u00f3 a finales de agosto, en Bucaramanga. La joven cucute\u00f1a alcanz\u00f3 el primer puesto categor\u00eda superior. Este honor lo conoce hace a\u00f1os, porque en &hellip;<\/p>\n","protected":false},"author":1,"featured_media":47524,"comment_status":"open","ping_status":"open","sticky":false,"template":"","format":"standard","meta":{"footnotes":""},"categories":[74,4],"tags":[2597,7688,161],"class_list":["post-47523","post","type-post","status-publish","format-standard","has-post-thumbnail","hentry","category-aula-universitaria","category-barra","tag-aula-universitaria","tag-concurso-de-oratoria","tag-universidad-de-pamplona"],"_links":{"self":[{"href":"https:\/\/contraluzcucuta.co\/index.php?rest_route=\/wp\/v2\/posts\/47523","targetHints":{"allow":["GET"]}}],"collection":[{"href":"https:\/\/contraluzcucuta.co\/index.php?rest_route=\/wp\/v2\/posts"}],"about":[{"href":"https:\/\/contraluzcucuta.co\/index.php?rest_route=\/wp\/v2\/types\/post"}],"author":[{"embeddable":true,"href":"https:\/\/contraluzcucuta.co\/index.php?rest_route=\/wp\/v2\/users\/1"}],"replies":[{"embeddable":true,"href":"https:\/\/contraluzcucuta.co\/index.php?rest_route=%2Fwp%2Fv2%2Fcomments&post=47523"}],"version-history":[{"count":1,"href":"https:\/\/contraluzcucuta.co\/index.php?rest_route=\/wp\/v2\/posts\/47523\/revisions"}],"predecessor-version":[{"id":47525,"href":"https:\/\/contraluzcucuta.co\/index.php?rest_route=\/wp\/v2\/posts\/47523\/revisions\/47525"}],"wp:featuredmedia":[{"embeddable":true,"href":"https:\/\/contraluzcucuta.co\/index.php?rest_route=\/wp\/v2\/media\/47524"}],"wp:attachment":[{"href":"https:\/\/contraluzcucuta.co\/index.php?rest_route=%2Fwp%2Fv2%2Fmedia&parent=47523"}],"wp:term":[{"taxonomy":"category","embeddable":true,"href":"https:\/\/contraluzcucuta.co\/index.php?rest_route=%2Fwp%2Fv2%2Fcategories&post=47523"},{"taxonomy":"post_tag","embeddable":true,"href":"https:\/\/contraluzcucuta.co\/index.php?rest_route=%2Fwp%2Fv2%2Ftags&post=47523"}],"curies":[{"name":"wp","href":"https:\/\/api.w.org\/{rel}","templated":true}]}}