{"id":47347,"date":"2026-07-17T15:49:18","date_gmt":"2026-07-17T20:49:18","guid":{"rendered":"https:\/\/contraluzcucuta.co\/?p=47347"},"modified":"2026-07-17T15:49:18","modified_gmt":"2026-07-17T20:49:18","slug":"acto-publico-restaurando-corazones-memoria-reconocimiento-y-dignificacion-en-norte-de-santander","status":"publish","type":"post","link":"https:\/\/contraluzcucuta.co\/?p=47347","title":{"rendered":"ACTO P\u00daBLICO. Restaurando Corazones: Memoria, reconocimiento y dignificaci\u00f3n en Norte de Santander"},"content":{"rendered":"<p style=\"text-align: right;\"><strong>C\u00daCUTA.<\/strong><\/p>\n<p style=\"padding-left: 40px;\"><strong><span style=\"color: #ff9900;\">La Agencia para la Reincorporaci\u00f3n y la Normalizaci\u00f3n (ARN), la Jurisdicci\u00f3n Especial para la Paz (JEP), la Organizaci\u00f3n Internacional para la Migraciones (OIM) y la Agencia Alemana para la Cooperaci\u00f3n Internacional (GIZ) encabezaron el Acto P\u00fablico: Restaurando Corazones: Memoria, Reconocimiento y Dignificaci\u00f3n en Norte de Santander.<\/span><\/strong><\/p>\n<p>Entre Oca\u00f1a, C\u00facuta y la regi\u00f3n de El Catatumbo avanza el proceso restaurativo que re\u00fane voces, memorias y acciones construidas colectivamente alrededor del reconocimiento de responsabilidades, la reparaci\u00f3n simb\u00f3lica y las garant\u00edas de no repetici\u00f3n.<\/p>\n<p><a href=\"https:\/\/contraluzcucuta.co\/wp-content\/uploads\/2026\/07\/ARN-ACTO-PUBLICO-1.jpg\"><img loading=\"lazy\" decoding=\"async\" class=\"alignnone  wp-image-47349 alignleft\" src=\"https:\/\/contraluzcucuta.co\/wp-content\/uploads\/2026\/07\/ARN-ACTO-PUBLICO-1-300x273.jpg\" alt=\"\" width=\"252\" height=\"229\" srcset=\"https:\/\/contraluzcucuta.co\/wp-content\/uploads\/2026\/07\/ARN-ACTO-PUBLICO-1-300x273.jpg 300w, https:\/\/contraluzcucuta.co\/wp-content\/uploads\/2026\/07\/ARN-ACTO-PUBLICO-1.jpg 666w\" sizes=\"auto, (max-width: 252px) 100vw, 252px\" \/><\/a><\/p>\n<p><strong>Un territorio atravesado por la guerra y la resistencia <\/strong><\/p>\n<p>El proceso restaurativo est\u00e1 conectado profundamente con la subregi\u00f3n de El Catatumbo, corredor hist\u00f3rico marcado por la frontera, la movilidad permanente de comunidades campesinas y las disputas por el control territorial.<\/p>\n<p>Oca\u00f1a, El Carmen, Convenci\u00f3n, Teorama, Tib\u00fa, La Playa, El Tarra, Hacar\u00ed, San Calixto y Sardinata han vivido la presencia simult\u00e1nea de actores armados, desplazamientos forzados, confinamientos, amenazas contra liderazgos sociales, restricciones a la movilidad y profundas fracturas en el tejido comunitario.<\/p>\n<p>A\u00fan hoy, mientras avanzan las acciones restaurativas, muchas comunidades de El Catatumbo afrontan emergencias humanitarias derivadas del conflicto armado. Por ello, este proceso se desarrolla en medio de la realidad compleja: restaurar mientras el territorio resiste.<\/p>\n<p><strong>Verdad judicial y reconocimiento: los hechos que rodean este proceso restaurativo<\/strong><\/p>\n<p>El proceso Restaurando Corazones se relaciona con los hechos investigados por la Jurisdicci\u00f3n Especial para la Paz (JEP) en el Macrocaso 03, Subcaso Norte de Santander, sobre asesinatos y desapariciones forzadas presentadas ileg\u00edtimamente como bajas en combate por agentes del Estado.<\/p>\n<p>En el Auto 1256 de 2021, la JEP document\u00f3 que integrantes de la Brigada M\u00f3vil No. 15 (BRIM15) y del Batall\u00f3n de Infanter\u00eda No. 15 General Santander (BISAN) fueron responsables del asesinato de 120 civiles entre enero de 2007 y agosto de 2008.<\/p>\n<p><a href=\"https:\/\/contraluzcucuta.co\/wp-content\/uploads\/2026\/07\/ARN-ACTO-PUBLICO-2.png\"><img loading=\"lazy\" decoding=\"async\" class=\"wp-image-47350 alignright\" src=\"https:\/\/contraluzcucuta.co\/wp-content\/uploads\/2026\/07\/ARN-ACTO-PUBLICO-2-300x216.png\" alt=\"\" width=\"246\" height=\"177\" srcset=\"https:\/\/contraluzcucuta.co\/wp-content\/uploads\/2026\/07\/ARN-ACTO-PUBLICO-2-300x216.png 300w, https:\/\/contraluzcucuta.co\/wp-content\/uploads\/2026\/07\/ARN-ACTO-PUBLICO-2.png 768w\" sizes=\"auto, (max-width: 246px) 100vw, 246px\" \/><\/a><\/p>\n<p>Las v\u00edctimas fueron asesinadas en estado de indefensi\u00f3n, sin que mediara combate real alguno. Posteriormente, fueron se\u00f1aladas como integrantes de grupos armados ilegales y seleccionadas a partir de procedimientos irregulares de inteligencia. La Sala de Reconocimiento identific\u00f3 un patr\u00f3n macrocriminal con dos modalidades principales.<\/p>\n<p>La primera, correspondi\u00f3 al asesinato de hombres entre 25 y 35 a\u00f1os, habitantes de zonas rurales de El Catatumbo, en la mayor\u00eda agricultores, comerciantes y transportadores informales.<\/p>\n<p>La segunda, consisti\u00f3 en el asesinato de j\u00f3venes provenientes de otras regiones del pa\u00eds, quienes fueron enga\u00f1ados para ser trasladados a El Catatumbo y posteriormente presentados como bajas en combate.<\/p>\n<p>Las investigaciones permitieron esclarecer los patrones criminales en las fases de planeaci\u00f3n, ejecuci\u00f3n y encubrimiento. Muchas familias enfrentaron durante a\u00f1os la desaparici\u00f3n, la incertidumbre sobre el paradero de los seres queridos, la estigmatizaci\u00f3n y la b\u00fasqueda persistente por la verdad y la justicia<\/p>\n<p>El municipio m\u00e1s afectado fue Oca\u00f1a, donde se concentr\u00f3 parte significativa de los hechos documentados por la investigaci\u00f3n judicial. Varios de los lugares donde ocurrieron estos cr\u00edmenes coinciden con territorios que afrontan las consecuencias del conflicto armado, especialmente en la regi\u00f3n de El Catatumbo.<\/p>\n<p>Restaurando Corazones conecta el reconocimiento de responsabilidades con la construcci\u00f3n colectiva de acciones restaurativas orientadas a preservar y dignificar la memoria de las v\u00edctimas, fortalecer el tejido social y aportar a la no repetici\u00f3n en un territorio donde estas heridas siguen presentes.<\/p>\n<p><a href=\"https:\/\/contraluzcucuta.co\/wp-content\/uploads\/2026\/07\/ARN-ACTO-PUBLICO-4.png\"><img loading=\"lazy\" decoding=\"async\" class=\"alignnone  wp-image-47351 alignright\" src=\"https:\/\/contraluzcucuta.co\/wp-content\/uploads\/2026\/07\/ARN-ACTO-PUBLICO-4-300x225.png\" alt=\"\" width=\"248\" height=\"186\" srcset=\"https:\/\/contraluzcucuta.co\/wp-content\/uploads\/2026\/07\/ARN-ACTO-PUBLICO-4-300x225.png 300w, https:\/\/contraluzcucuta.co\/wp-content\/uploads\/2026\/07\/ARN-ACTO-PUBLICO-4-768x576.png 768w, https:\/\/contraluzcucuta.co\/wp-content\/uploads\/2026\/07\/ARN-ACTO-PUBLICO-4.png 807w\" sizes=\"auto, (max-width: 248px) 100vw, 248px\" \/><\/a><\/p>\n<p><strong>Qui\u00e9nes eran: vidas, nombres y proyectos interrumpidos <\/strong><\/p>\n<p>Los asesinadas y desaparecidos no fueron cifras ni expedientes judiciales. Eran hijos, hermanos, padres, amigos, vecinos y trabajadores. Ten\u00edan rutinas, v\u00ednculos afectivos, sue\u00f1os y proyectos de vida que fueron abruptamente interrumpidos.<\/p>\n<p>Muchos eran j\u00f3venes campesinos o trabajadores informales. Algunos salieron de casa en busca de empleo; otros, fueron enga\u00f1ados con falsas ofertas de trabajo o trasladados lejos del lugar de origen. Varias familias pasaron a\u00f1os busc\u00e1ndolos, sin respuestas claras sobre el paradero.<\/p>\n<p>Detr\u00e1s de cada caso hubo una historia propia: una madre esperando noticias, una familia recorriendo instituciones, una comunidad intentando comprender lo ocurrido y sostener la memoria frente al silencio. Este proceso busca que esas vidas vuelvan a ser nombradas desde la dignidad, reconociendo qui\u00e9nes fueron antes del crimen, qu\u00e9 v\u00ednculos construyeron y qu\u00e9 huellas dejaron en sus familias y comunidades.<\/p>\n<p>Nombrarlos, hoy, tambi\u00e9n es una manera de memoria, reconocimiento y reparaci\u00f3n. 1. \u00c1lvaro Chogo Angarita 2. Wilfredo Quintero Chona 3. Gerardo Quintero Jaimes 4. \u00c1lvaro Guerrero Melo 5. Luis Enrique Devia G\u00f3mez 6. Ever Pe\u00f1a Maldonado 7. Enereida Grimaldo Le\u00f3n 8. Albeiro Ballena Vel\u00e1squez.<\/p>\n","protected":false},"excerpt":{"rendered":"<p>C\u00daCUTA. La Agencia para la Reincorporaci\u00f3n y la Normalizaci\u00f3n (ARN), la Jurisdicci\u00f3n Especial para la Paz (JEP), la Organizaci\u00f3n Internacional para la Migraciones (OIM) y la Agencia Alemana para la Cooperaci\u00f3n Internacional (GIZ) encabezaron el Acto P\u00fablico: Restaurando Corazones: Memoria, Reconocimiento y Dignificaci\u00f3n en Norte de Santander. Entre Oca\u00f1a, C\u00facuta y la regi\u00f3n de El &hellip;<\/p>\n","protected":false},"author":1,"featured_media":47348,"comment_status":"open","ping_status":"open","sticky":false,"template":"","format":"standard","meta":{"footnotes":""},"categories":[11,4],"tags":[7657,5094,4098,6082,7658],"class_list":["post-47347","post","type-post","status-publish","format-standard","has-post-thumbnail","hentry","category-cronica-roja","category-barra","tag-acto-publico","tag-agencia-para-la-reincorporacion-y-la-normalizacion","tag-cooperacion-internacional","tag-jurisdiccion-especial-para-la-paz","tag-restaurando-corazones"],"_links":{"self":[{"href":"https:\/\/contraluzcucuta.co\/index.php?rest_route=\/wp\/v2\/posts\/47347","targetHints":{"allow":["GET"]}}],"collection":[{"href":"https:\/\/contraluzcucuta.co\/index.php?rest_route=\/wp\/v2\/posts"}],"about":[{"href":"https:\/\/contraluzcucuta.co\/index.php?rest_route=\/wp\/v2\/types\/post"}],"author":[{"embeddable":true,"href":"https:\/\/contraluzcucuta.co\/index.php?rest_route=\/wp\/v2\/users\/1"}],"replies":[{"embeddable":true,"href":"https:\/\/contraluzcucuta.co\/index.php?rest_route=%2Fwp%2Fv2%2Fcomments&post=47347"}],"version-history":[{"count":1,"href":"https:\/\/contraluzcucuta.co\/index.php?rest_route=\/wp\/v2\/posts\/47347\/revisions"}],"predecessor-version":[{"id":47352,"href":"https:\/\/contraluzcucuta.co\/index.php?rest_route=\/wp\/v2\/posts\/47347\/revisions\/47352"}],"wp:featuredmedia":[{"embeddable":true,"href":"https:\/\/contraluzcucuta.co\/index.php?rest_route=\/wp\/v2\/media\/47348"}],"wp:attachment":[{"href":"https:\/\/contraluzcucuta.co\/index.php?rest_route=%2Fwp%2Fv2%2Fmedia&parent=47347"}],"wp:term":[{"taxonomy":"category","embeddable":true,"href":"https:\/\/contraluzcucuta.co\/index.php?rest_route=%2Fwp%2Fv2%2Fcategories&post=47347"},{"taxonomy":"post_tag","embeddable":true,"href":"https:\/\/contraluzcucuta.co\/index.php?rest_route=%2Fwp%2Fv2%2Ftags&post=47347"}],"curies":[{"name":"wp","href":"https:\/\/api.w.org\/{rel}","templated":true}]}}