{"id":47279,"date":"2026-06-03T13:47:08","date_gmt":"2026-06-03T18:47:08","guid":{"rendered":"https:\/\/contraluzcucuta.co\/?p=47279"},"modified":"2026-06-03T13:47:08","modified_gmt":"2026-06-03T18:47:08","slug":"baila-por-el-planeta-cucuta-se-une-al-reto-global-en-la-conmemoracion-del-dia-del-medio-ambiente","status":"publish","type":"post","link":"https:\/\/contraluzcucuta.co\/?p=47279","title":{"rendered":"BAILA POR EL PLANETA. C\u00facuta se une al reto global en la conmemoraci\u00f3n del d\u00eda del medio ambiente"},"content":{"rendered":"<p style=\"text-align: right;\"><strong>C\u00daCUTA.<\/strong><\/p>\n<p><strong><span style=\"color: #ff9900;\">La secretar\u00eda de Ambiente y Sostenibilidad de C\u00facuta se une al reto mundial contra el cambio clim\u00e1tico Baila por el Planeta. La iniciativa, liderada por el Programa de las Naciones Unidas para el Medio Ambiente (PNUMA), promueve la conciencia ecol\u00f3gica, la sostenibilidad y la actividad f\u00edsica como herramientas para generar cambios positivos en favor del entorno.<\/span><\/strong><\/p>\n<p>Como parte de esta celebraci\u00f3n y en articulaci\u00f3n con el Instituto Municipal para la Recreaci\u00f3n y el Deporte (IMRD), la alcald\u00eda llevar\u00e1 a cabo la jornada, este 3 de junio, en la ciclov\u00eda, desde las 7:00 p.m.<\/p>\n<p>\u201cCuando se trata de proteger nuestro medio ambiente, todo suma y cada acci\u00f3n cuenta\u201d, expres\u00f3 la secretaria de Ambiente y Sostenibilidad, Nuby Luna Otero. \u201cQueremos demostrar que tambi\u00e9n podemos generar conciencia desde la alegr\u00eda, la actividad f\u00edsica y la participaci\u00f3n ciudadana\u201d.<\/p>\n<p>La funcionaria invit\u00f3 a los cucute\u00f1os a unirse a la iniciativa mundial y a convertirse en agentes de cambio para construir una ciudad sostenible. Extendi\u00f3 el mensaje a ni\u00f1os, j\u00f3venes y adultos para que participen en la jornada y demuestren que C\u00facuta est\u00e1 comprometida con la protecci\u00f3n del planeta.<\/p>\n<p>Bailar por el planeta es m\u00e1s que una actividad recreativa, es el mensaje de unidad, conciencia y acci\u00f3n frente a los desaf\u00edos ambientales que afronta el mundo. El llamado es a adoptar h\u00e1bitos sostenibles en el d\u00eda a d\u00eda y a convertir cada peque\u00f1o esfuerzo en una gran contribuci\u00f3n para las futuras generaciones.<\/p>\n","protected":false},"excerpt":{"rendered":"<p>C\u00daCUTA. La secretar\u00eda de Ambiente y Sostenibilidad de C\u00facuta se une al reto mundial contra el cambio clim\u00e1tico Baila por el Planeta. La iniciativa, liderada por el Programa de las Naciones Unidas para el Medio Ambiente (PNUMA), promueve la conciencia ecol\u00f3gica, la sostenibilidad y la actividad f\u00edsica como herramientas para generar cambios positivos en favor &hellip;<\/p>\n","protected":false},"author":1,"featured_media":47280,"comment_status":"open","ping_status":"open","sticky":false,"template":"","format":"standard","meta":{"footnotes":""},"categories":[4,347],"tags":[7635,2661,7227,7371],"class_list":["post-47279","post","type-post","status-publish","format-standard","has-post-thumbnail","hentry","category-barra","category-medio-ambiente","tag-baila-por-el-planeta","tag-ciclovias-en-cucuta","tag-instituto-municipal-para-la-recreacion-y-deporte","tag-secretaria-de-ambiente-y-sostenibilidad"],"_links":{"self":[{"href":"https:\/\/contraluzcucuta.co\/index.php?rest_route=\/wp\/v2\/posts\/47279","targetHints":{"allow":["GET"]}}],"collection":[{"href":"https:\/\/contraluzcucuta.co\/index.php?rest_route=\/wp\/v2\/posts"}],"about":[{"href":"https:\/\/contraluzcucuta.co\/index.php?rest_route=\/wp\/v2\/types\/post"}],"author":[{"embeddable":true,"href":"https:\/\/contraluzcucuta.co\/index.php?rest_route=\/wp\/v2\/users\/1"}],"replies":[{"embeddable":true,"href":"https:\/\/contraluzcucuta.co\/index.php?rest_route=%2Fwp%2Fv2%2Fcomments&post=47279"}],"version-history":[{"count":1,"href":"https:\/\/contraluzcucuta.co\/index.php?rest_route=\/wp\/v2\/posts\/47279\/revisions"}],"predecessor-version":[{"id":47281,"href":"https:\/\/contraluzcucuta.co\/index.php?rest_route=\/wp\/v2\/posts\/47279\/revisions\/47281"}],"wp:featuredmedia":[{"embeddable":true,"href":"https:\/\/contraluzcucuta.co\/index.php?rest_route=\/wp\/v2\/media\/47280"}],"wp:attachment":[{"href":"https:\/\/contraluzcucuta.co\/index.php?rest_route=%2Fwp%2Fv2%2Fmedia&parent=47279"}],"wp:term":[{"taxonomy":"category","embeddable":true,"href":"https:\/\/contraluzcucuta.co\/index.php?rest_route=%2Fwp%2Fv2%2Fcategories&post=47279"},{"taxonomy":"post_tag","embeddable":true,"href":"https:\/\/contraluzcucuta.co\/index.php?rest_route=%2Fwp%2Fv2%2Ftags&post=47279"}],"curies":[{"name":"wp","href":"https:\/\/api.w.org\/{rel}","templated":true}]}}