{"id":47269,"date":"2026-06-02T15:10:05","date_gmt":"2026-06-02T20:10:05","guid":{"rendered":"https:\/\/contraluzcucuta.co\/?p=47269"},"modified":"2026-06-02T15:10:05","modified_gmt":"2026-06-02T20:10:05","slug":"i-feria-marca-region-exhibicion-de-lo-mejor-del-talento-productivo-de-norte-de-santander","status":"publish","type":"post","link":"https:\/\/contraluzcucuta.co\/?p=47269","title":{"rendered":"I FERIA MARCA REGI\u00d3N. Exhibici\u00f3n de lo mejor del talento productivo de Norte de Santander"},"content":{"rendered":"<p style=\"text-align: right;\"><strong>C\u00daCUTA<\/strong><\/p>\n<p><strong><span style=\"color: #ff9900;\">Como parte de la estrategia Marca Regi\u00f3n Somos Norte, Vamos Norte, liderada por la secretar\u00eda de Desarrollo Econ\u00f3mico y Productividad y la C\u00e1mara de Comercio de C\u00facuta, finaliz\u00f3 la convocatoria dirigida a empresas de los sectores caf\u00e9, cacao, joyer\u00eda y bisuter\u00eda artesanal interesadas en participar en la I Feria Marca Regi\u00f3n.<\/span><\/strong><\/p>\n<p><a href=\"https:\/\/contraluzcucuta.co\/wp-content\/uploads\/2026\/06\/FERIA-MARCA-PAIS-1.jpeg\"><img loading=\"lazy\" decoding=\"async\" class=\"alignnone  wp-image-47270 alignleft\" src=\"https:\/\/contraluzcucuta.co\/wp-content\/uploads\/2026\/06\/FERIA-MARCA-PAIS-1-300x225.jpeg\" alt=\"\" width=\"251\" height=\"188\" srcset=\"https:\/\/contraluzcucuta.co\/wp-content\/uploads\/2026\/06\/FERIA-MARCA-PAIS-1-300x225.jpeg 300w, https:\/\/contraluzcucuta.co\/wp-content\/uploads\/2026\/06\/FERIA-MARCA-PAIS-1-1024x768.jpeg 1024w, https:\/\/contraluzcucuta.co\/wp-content\/uploads\/2026\/06\/FERIA-MARCA-PAIS-1-768x576.jpeg 768w, https:\/\/contraluzcucuta.co\/wp-content\/uploads\/2026\/06\/FERIA-MARCA-PAIS-1.jpeg 1280w\" sizes=\"auto, (max-width: 251px) 100vw, 251px\" \/><\/a><\/p>\n<p>La respuesta del sector empresarial reflej\u00f3 el inter\u00e9s y el compromiso de productores, emprendedores y empresarios. La iniciativa busca visibilizar la riqueza productiva, la identidad y el potencial econ\u00f3mico del departamento.<\/p>\n<p>La Feria, del 11 al 13 de junio en el Centro Comercial Jard\u00edn Plaza, ser\u00e1 el espacio para conocer productos de alta calidad, historias de emprendimiento y propuestas que representan el talento y la capacidad de transformaci\u00f3n de Norte de Santander.<\/p>\n<p>La actividad hace parte del proceso de implementaci\u00f3n de la Marca Regi\u00f3n, herramienta creada para fortalecer la identidad territorial y proyectar al departamento ante Colombia y el mundo como regi\u00f3n que produce, conecta y avanza.<\/p>\n<p>En los pr\u00f3ximos d\u00edas se dar\u00e1 a conocer el listado de empresas seleccionadas y que har\u00e1n parte de la vitrina comercial. Destacar\u00e1n algunos sectores que representan la vocaci\u00f3n productiva.<\/p>\n<p>Los empresarios participantes han demostrado que Norte de Santander cuenta con oferta productiva s\u00f3lida y diversa, y con potencial de crecimiento.<\/p>\n","protected":false},"excerpt":{"rendered":"<p>C\u00daCUTA Como parte de la estrategia Marca Regi\u00f3n Somos Norte, Vamos Norte, liderada por la secretar\u00eda de Desarrollo Econ\u00f3mico y Productividad y la C\u00e1mara de Comercio de C\u00facuta, finaliz\u00f3 la convocatoria dirigida a empresas de los sectores caf\u00e9, cacao, joyer\u00eda y bisuter\u00eda artesanal interesadas en participar en la I Feria Marca Regi\u00f3n. La respuesta del &hellip;<\/p>\n","protected":false},"author":1,"featured_media":47271,"comment_status":"open","ping_status":"open","sticky":false,"template":"","format":"standard","meta":{"footnotes":""},"categories":[4,6],"tags":[2530,7633,3925],"class_list":["post-47269","post","type-post","status-publish","format-standard","has-post-thumbnail","hentry","category-barra","category-ojo-avizor","tag-centro-comercial-jardin-plaza","tag-marca-region","tag-secretaria-de-desarrollo-economico"],"_links":{"self":[{"href":"https:\/\/contraluzcucuta.co\/index.php?rest_route=\/wp\/v2\/posts\/47269","targetHints":{"allow":["GET"]}}],"collection":[{"href":"https:\/\/contraluzcucuta.co\/index.php?rest_route=\/wp\/v2\/posts"}],"about":[{"href":"https:\/\/contraluzcucuta.co\/index.php?rest_route=\/wp\/v2\/types\/post"}],"author":[{"embeddable":true,"href":"https:\/\/contraluzcucuta.co\/index.php?rest_route=\/wp\/v2\/users\/1"}],"replies":[{"embeddable":true,"href":"https:\/\/contraluzcucuta.co\/index.php?rest_route=%2Fwp%2Fv2%2Fcomments&post=47269"}],"version-history":[{"count":1,"href":"https:\/\/contraluzcucuta.co\/index.php?rest_route=\/wp\/v2\/posts\/47269\/revisions"}],"predecessor-version":[{"id":47272,"href":"https:\/\/contraluzcucuta.co\/index.php?rest_route=\/wp\/v2\/posts\/47269\/revisions\/47272"}],"wp:featuredmedia":[{"embeddable":true,"href":"https:\/\/contraluzcucuta.co\/index.php?rest_route=\/wp\/v2\/media\/47271"}],"wp:attachment":[{"href":"https:\/\/contraluzcucuta.co\/index.php?rest_route=%2Fwp%2Fv2%2Fmedia&parent=47269"}],"wp:term":[{"taxonomy":"category","embeddable":true,"href":"https:\/\/contraluzcucuta.co\/index.php?rest_route=%2Fwp%2Fv2%2Fcategories&post=47269"},{"taxonomy":"post_tag","embeddable":true,"href":"https:\/\/contraluzcucuta.co\/index.php?rest_route=%2Fwp%2Fv2%2Ftags&post=47269"}],"curies":[{"name":"wp","href":"https:\/\/api.w.org\/{rel}","templated":true}]}}