{"id":47051,"date":"2026-04-19T08:51:00","date_gmt":"2026-04-19T13:51:00","guid":{"rendered":"https:\/\/contraluzcucuta.co\/?p=47051"},"modified":"2026-04-19T08:51:00","modified_gmt":"2026-04-19T13:51:00","slug":"arboledas-cucutilla-pavimentacion-del-tramo-conectara-a-los-pueblos-de-occidente","status":"publish","type":"post","link":"https:\/\/contraluzcucuta.co\/?p=47051","title":{"rendered":"ARBOLEDAS \u2013 CUCUTILLA. Pavimentaci\u00f3n del tramo conectar\u00e1 a los Pueblos de Occidente"},"content":{"rendered":"<p style=\"text-align: right;\"><strong>ARBOLEDAS \u2013 Norte de Santander<\/strong><\/p>\n<p><strong><span style=\"color: #ff9900;\">La Gobernaci\u00f3n de Norte de Santander dio comienzo a las obras que permitir\u00e1n la pavimentaci\u00f3n en la v\u00eda entre Arboledas y Cucutilla. Parte de este corredor estrat\u00e9gico conecta a los Pueblos de Occidente. La intervenci\u00f3n marca el paso decisivo hacia el fortalecimiento de la infraestructura vial y el desarrollo regional.<\/span><\/strong><\/p>\n<p><a href=\"https:\/\/contraluzcucuta.co\/wp-content\/uploads\/2026\/04\/ARBOLEDAS-CUCUTILLA-A3.jpeg\"><img loading=\"lazy\" decoding=\"async\" class=\"alignnone  wp-image-47054 alignright\" src=\"https:\/\/contraluzcucuta.co\/wp-content\/uploads\/2026\/04\/ARBOLEDAS-CUCUTILLA-A3-300x225.jpeg\" alt=\"\" width=\"248\" height=\"186\" srcset=\"https:\/\/contraluzcucuta.co\/wp-content\/uploads\/2026\/04\/ARBOLEDAS-CUCUTILLA-A3-300x225.jpeg 300w, https:\/\/contraluzcucuta.co\/wp-content\/uploads\/2026\/04\/ARBOLEDAS-CUCUTILLA-A3-1024x768.jpeg 1024w, https:\/\/contraluzcucuta.co\/wp-content\/uploads\/2026\/04\/ARBOLEDAS-CUCUTILLA-A3-768x576.jpeg 768w, https:\/\/contraluzcucuta.co\/wp-content\/uploads\/2026\/04\/ARBOLEDAS-CUCUTILLA-A3-1536x1152.jpeg 1536w, https:\/\/contraluzcucuta.co\/wp-content\/uploads\/2026\/04\/ARBOLEDAS-CUCUTILLA-A3-600x450.jpeg 600w, https:\/\/contraluzcucuta.co\/wp-content\/uploads\/2026\/04\/ARBOLEDAS-CUCUTILLA-A3.jpeg 1600w\" sizes=\"auto, (max-width: 248px) 100vw, 248px\" \/><\/a><\/p>\n<p>Los trabajos, que van desde Arboledas a Cucutilla y viceversa, mejorar\u00e1n las condiciones de tr\u00e1nsito vehicular, reducir\u00e1n los tiempos de desplazamiento y garantizar\u00e1n mayor seguridad para quienes utilizan este importante tramo.<\/p>\n<p>La obra contempla:<\/p>\n<ul>\n<li>Pavimentaci\u00f3n de la v\u00eda<\/li>\n<li>Construcci\u00f3n de estructuras hidr\u00e1ulicas que permitir\u00e1n el adecuado manejo de aguas y contribuir\u00e1n a la durabilidad de la carretera.<\/li>\n<li>Construcci\u00f3n de muros de contenci\u00f3n en puntos cr\u00edticos<\/li>\n<li>Estabilizaci\u00f3n del terreno<\/li>\n<li>Prevenci\u00f3n de afectaciones por deslizamientos, especialmente en zonas de alta pendiente.<\/li>\n<\/ul>\n<p><a href=\"https:\/\/contraluzcucuta.co\/wp-content\/uploads\/2026\/04\/ARBOLEDAS-CUCUTILLA-A2.jpeg\"><img loading=\"lazy\" decoding=\"async\" class=\"alignnone  wp-image-47053 alignright\" src=\"https:\/\/contraluzcucuta.co\/wp-content\/uploads\/2026\/04\/ARBOLEDAS-CUCUTILLA-A2-300x225.jpeg\" alt=\"\" width=\"244\" height=\"183\" srcset=\"https:\/\/contraluzcucuta.co\/wp-content\/uploads\/2026\/04\/ARBOLEDAS-CUCUTILLA-A2-300x225.jpeg 300w, https:\/\/contraluzcucuta.co\/wp-content\/uploads\/2026\/04\/ARBOLEDAS-CUCUTILLA-A2-1024x768.jpeg 1024w, https:\/\/contraluzcucuta.co\/wp-content\/uploads\/2026\/04\/ARBOLEDAS-CUCUTILLA-A2-768x576.jpeg 768w, https:\/\/contraluzcucuta.co\/wp-content\/uploads\/2026\/04\/ARBOLEDAS-CUCUTILLA-A2-1536x1152.jpeg 1536w, https:\/\/contraluzcucuta.co\/wp-content\/uploads\/2026\/04\/ARBOLEDAS-CUCUTILLA-A2-600x450.jpeg 600w, https:\/\/contraluzcucuta.co\/wp-content\/uploads\/2026\/04\/ARBOLEDAS-CUCUTILLA-A2.jpeg 1600w\" sizes=\"auto, (max-width: 244px) 100vw, 244px\" \/><\/a><\/p>\n<p>Las intervenciones buscan brindar una infraestructura resistente, segura y acorde con las necesidades del territorio. Facilitar\u00e1n el transporte de productos agr\u00edcolas, el acceso a servicios y la integraci\u00f3n de las comunidades.<\/p>\n<p>El gobierno departamental ratific\u00f3 el compromiso con el cierre de brechas en conectividad, apost\u00e1ndole a la red vial que promueva el desarrollo econ\u00f3mico, el turismo y la calidad de vida de los habitantes de la regi\u00f3n.<\/p>\n<p><strong>LUIS TOB\u00d3N &#8211; @GoberNorte<\/strong><\/p>\n","protected":false},"excerpt":{"rendered":"<p>ARBOLEDAS \u2013 Norte de Santander La Gobernaci\u00f3n de Norte de Santander dio comienzo a las obras que permitir\u00e1n la pavimentaci\u00f3n en la v\u00eda entre Arboledas y Cucutilla. Parte de este corredor estrat\u00e9gico conecta a los Pueblos de Occidente. La intervenci\u00f3n marca el paso decisivo hacia el fortalecimiento de la infraestructura vial y el desarrollo regional. &hellip;<\/p>\n","protected":false},"author":1,"featured_media":47052,"comment_status":"open","ping_status":"open","sticky":false,"template":"","format":"standard","meta":{"footnotes":""},"categories":[45,4],"tags":[5998,7386,379],"class_list":["post-47051","post","type-post","status-publish","format-standard","has-post-thumbnail","hentry","category-destacado","category-barra","tag-alcaldia-de-arboledas","tag-alcaldia-de-cucutilla","tag-gobernacion-de-norte-de-santander"],"_links":{"self":[{"href":"https:\/\/contraluzcucuta.co\/index.php?rest_route=\/wp\/v2\/posts\/47051","targetHints":{"allow":["GET"]}}],"collection":[{"href":"https:\/\/contraluzcucuta.co\/index.php?rest_route=\/wp\/v2\/posts"}],"about":[{"href":"https:\/\/contraluzcucuta.co\/index.php?rest_route=\/wp\/v2\/types\/post"}],"author":[{"embeddable":true,"href":"https:\/\/contraluzcucuta.co\/index.php?rest_route=\/wp\/v2\/users\/1"}],"replies":[{"embeddable":true,"href":"https:\/\/contraluzcucuta.co\/index.php?rest_route=%2Fwp%2Fv2%2Fcomments&post=47051"}],"version-history":[{"count":1,"href":"https:\/\/contraluzcucuta.co\/index.php?rest_route=\/wp\/v2\/posts\/47051\/revisions"}],"predecessor-version":[{"id":47055,"href":"https:\/\/contraluzcucuta.co\/index.php?rest_route=\/wp\/v2\/posts\/47051\/revisions\/47055"}],"wp:featuredmedia":[{"embeddable":true,"href":"https:\/\/contraluzcucuta.co\/index.php?rest_route=\/wp\/v2\/media\/47052"}],"wp:attachment":[{"href":"https:\/\/contraluzcucuta.co\/index.php?rest_route=%2Fwp%2Fv2%2Fmedia&parent=47051"}],"wp:term":[{"taxonomy":"category","embeddable":true,"href":"https:\/\/contraluzcucuta.co\/index.php?rest_route=%2Fwp%2Fv2%2Fcategories&post=47051"},{"taxonomy":"post_tag","embeddable":true,"href":"https:\/\/contraluzcucuta.co\/index.php?rest_route=%2Fwp%2Fv2%2Ftags&post=47051"}],"curies":[{"name":"wp","href":"https:\/\/api.w.org\/{rel}","templated":true}]}}