{"id":47028,"date":"2026-04-16T13:30:46","date_gmt":"2026-04-16T18:30:46","guid":{"rendered":"https:\/\/contraluzcucuta.co\/?p=47028"},"modified":"2026-04-16T13:30:46","modified_gmt":"2026-04-16T18:30:46","slug":"ofensiva-contra-el-delito-ejercito-y-policia-militar-refuerzan-seguridad-de-los-cucutenos","status":"publish","type":"post","link":"https:\/\/contraluzcucuta.co\/?p=47028","title":{"rendered":"OFENSIVA CONTRA EL DELITO. Ej\u00e9rcito y polic\u00eda militar refuerzan seguridad de los cucute\u00f1os"},"content":{"rendered":"<p style=\"text-align: right;\"><strong>C\u00daCUTA.<\/strong><\/p>\n<p><strong><span style=\"color: #ff9900;\">La secretar\u00eda de Seguridad Ciudadana, el Grupo de Caballer\u00eda Mediano General Herm\u00f3genes Maza y el Batall\u00f3n de Polic\u00eda Militar adelantan recorridos estrat\u00e9gicos por las comunas de la ciudad. El prop\u00f3sito es fortalecer la presencia institucional y el contacto directo con la comunidad.<\/span><\/strong><\/p>\n<p><a href=\"https:\/\/contraluzcucuta.co\/wp-content\/uploads\/2026\/04\/SECRETARIA-DE-SEGURIDAD-OPERATIVOS-2.webp\"><img loading=\"lazy\" decoding=\"async\" class=\"alignnone  wp-image-47030 alignleft\" src=\"https:\/\/contraluzcucuta.co\/wp-content\/uploads\/2026\/04\/SECRETARIA-DE-SEGURIDAD-OPERATIVOS-2-300x138.webp\" alt=\"\" width=\"246\" height=\"113\" srcset=\"https:\/\/contraluzcucuta.co\/wp-content\/uploads\/2026\/04\/SECRETARIA-DE-SEGURIDAD-OPERATIVOS-2-300x138.webp 300w, https:\/\/contraluzcucuta.co\/wp-content\/uploads\/2026\/04\/SECRETARIA-DE-SEGURIDAD-OPERATIVOS-2-768x354.webp 768w, https:\/\/contraluzcucuta.co\/wp-content\/uploads\/2026\/04\/SECRETARIA-DE-SEGURIDAD-OPERATIVOS-2-600x277.webp 600w, https:\/\/contraluzcucuta.co\/wp-content\/uploads\/2026\/04\/SECRETARIA-DE-SEGURIDAD-OPERATIVOS-2.webp 1024w\" sizes=\"auto, (max-width: 246px) 100vw, 246px\" \/><\/a><\/p>\n<p>Los comandantes de las unidades militares y el equipo de la Secretar\u00eda sostienen encuentros con comerciantes y ciudadan\u00eda, escuchan inquietudes, atienden necesidades y consolidan acciones concretas que permitan mejorar las condiciones de seguridad en cada sector.<\/p>\n<p>El secretario Edwin Cardona afirm\u00f3 que \u201cestamos en el territorio escuchando a nuestras comunidades y trabajando de manera articulada con nuestras Fuerzas Militares para fortalecer las acciones de seguridad. Nuestro compromiso es claro, brindar tranquilidad a la ciudadan\u00eda\u201d.<\/p>\n<p>El comandante del Grupo de Caballer\u00eda, teniente coronel Jhonatan Arcos se\u00f1al\u00f3 que \u201cmantenemos operaciones constantes y presencia activa en las comunas. El objetivo es garantizar las condiciones de seguridad y acompa\u00f1ar a la ciudadan\u00eda\u201d.<\/p>\n<p>El comandante del Batall\u00f3n de Polic\u00eda Militar, teniente coronel Juan Camilo Valencia destac\u00f3 que \u201cseguimos fortaleciendo los controles, los patrullajes y el acercamiento con los comerciantes. Este trabajo conjunto nos permite actuar de manera oportuna y cerrar espacios a la criminalidad en la ciudad\u201d.<\/p>\n","protected":false},"excerpt":{"rendered":"<p>C\u00daCUTA. La secretar\u00eda de Seguridad Ciudadana, el Grupo de Caballer\u00eda Mediano General Herm\u00f3genes Maza y el Batall\u00f3n de Polic\u00eda Militar adelantan recorridos estrat\u00e9gicos por las comunas de la ciudad. El prop\u00f3sito es fortalecer la presencia institucional y el contacto directo con la comunidad. Los comandantes de las unidades militares y el equipo de la Secretar\u00eda &hellip;<\/p>\n","protected":false},"author":1,"featured_media":47029,"comment_status":"open","ping_status":"open","sticky":false,"template":"","format":"standard","meta":{"footnotes":""},"categories":[11,4],"tags":[7319,7116,2889],"class_list":["post-47028","post","type-post","status-publish","format-standard","has-post-thumbnail","hentry","category-cronica-roja","category-barra","tag-batallon-de-policia-militar-30","tag-grupo-de-caballeria-del-ejercito","tag-secretaria-de-seguridad-ciudadana"],"_links":{"self":[{"href":"https:\/\/contraluzcucuta.co\/index.php?rest_route=\/wp\/v2\/posts\/47028","targetHints":{"allow":["GET"]}}],"collection":[{"href":"https:\/\/contraluzcucuta.co\/index.php?rest_route=\/wp\/v2\/posts"}],"about":[{"href":"https:\/\/contraluzcucuta.co\/index.php?rest_route=\/wp\/v2\/types\/post"}],"author":[{"embeddable":true,"href":"https:\/\/contraluzcucuta.co\/index.php?rest_route=\/wp\/v2\/users\/1"}],"replies":[{"embeddable":true,"href":"https:\/\/contraluzcucuta.co\/index.php?rest_route=%2Fwp%2Fv2%2Fcomments&post=47028"}],"version-history":[{"count":1,"href":"https:\/\/contraluzcucuta.co\/index.php?rest_route=\/wp\/v2\/posts\/47028\/revisions"}],"predecessor-version":[{"id":47032,"href":"https:\/\/contraluzcucuta.co\/index.php?rest_route=\/wp\/v2\/posts\/47028\/revisions\/47032"}],"wp:featuredmedia":[{"embeddable":true,"href":"https:\/\/contraluzcucuta.co\/index.php?rest_route=\/wp\/v2\/media\/47029"}],"wp:attachment":[{"href":"https:\/\/contraluzcucuta.co\/index.php?rest_route=%2Fwp%2Fv2%2Fmedia&parent=47028"}],"wp:term":[{"taxonomy":"category","embeddable":true,"href":"https:\/\/contraluzcucuta.co\/index.php?rest_route=%2Fwp%2Fv2%2Fcategories&post=47028"},{"taxonomy":"post_tag","embeddable":true,"href":"https:\/\/contraluzcucuta.co\/index.php?rest_route=%2Fwp%2Fv2%2Ftags&post=47028"}],"curies":[{"name":"wp","href":"https:\/\/api.w.org\/{rel}","templated":true}]}}