{"id":46910,"date":"2026-03-19T15:11:41","date_gmt":"2026-03-19T20:11:41","guid":{"rendered":"https:\/\/contraluzcucuta.co\/?p=46910"},"modified":"2026-03-19T17:48:21","modified_gmt":"2026-03-19T22:48:21","slug":"ordenamiento-departamental-norte-de-santander-avanza-en-la-construccion-del-plan-de","status":"publish","type":"post","link":"https:\/\/contraluzcucuta.co\/?p=46910","title":{"rendered":"ORDENAMIENTO DEPARTAMENTAL. Norte de Santander avanza en la construcci\u00f3n del Plan"},"content":{"rendered":"<p style=\"text-align: right;\"><strong>C\u00daCUTA<\/strong><\/p>\n<p><strong><span style=\"color: #ff9900;\">La Gobernaci\u00f3n lider\u00f3 la jornada de trabajo en procura de la construcci\u00f3n del Plan de Ordenamiento Departamental (POD). El prop\u00f3sito es fortalecer la planificaci\u00f3n territorial y proyectar el desarrollo equilibrado en Norte de Santander.<\/span><\/strong><\/p>\n<p><a href=\"https:\/\/contraluzcucuta.co\/wp-content\/uploads\/2026\/03\/GOBERNACION-PLAN-DE-DESARROLLO-3.jpeg\"><img loading=\"lazy\" decoding=\"async\" class=\"alignnone wp-image-46912 alignleft\" src=\"https:\/\/contraluzcucuta.co\/wp-content\/uploads\/2026\/03\/GOBERNACION-PLAN-DE-DESARROLLO-3-300x225.jpeg\" alt=\"\" width=\"247\" height=\"185\" srcset=\"https:\/\/contraluzcucuta.co\/wp-content\/uploads\/2026\/03\/GOBERNACION-PLAN-DE-DESARROLLO-3-300x225.jpeg 300w, https:\/\/contraluzcucuta.co\/wp-content\/uploads\/2026\/03\/GOBERNACION-PLAN-DE-DESARROLLO-3-1024x768.jpeg 1024w, https:\/\/contraluzcucuta.co\/wp-content\/uploads\/2026\/03\/GOBERNACION-PLAN-DE-DESARROLLO-3-768x576.jpeg 768w, https:\/\/contraluzcucuta.co\/wp-content\/uploads\/2026\/03\/GOBERNACION-PLAN-DE-DESARROLLO-3-1536x1152.jpeg 1536w, https:\/\/contraluzcucuta.co\/wp-content\/uploads\/2026\/03\/GOBERNACION-PLAN-DE-DESARROLLO-3-600x450.jpeg 600w, https:\/\/contraluzcucuta.co\/wp-content\/uploads\/2026\/03\/GOBERNACION-PLAN-DE-DESARROLLO-3.jpeg 1600w\" sizes=\"auto, (max-width: 247px) 100vw, 247px\" \/><\/a><\/p>\n<p>Durante el encuentro, se abordaron temas clave relacionados con:<\/p>\n<ul>\n<li>La organizaci\u00f3n del uso del suelo<\/li>\n<li>La articulaci\u00f3n entre municipios<\/li>\n<li>La proyecci\u00f3n del desarrollo sostenible en Norte de Santander<\/li>\n<\/ul>\n<p>En la reuni\u00f3n participaron miembros de la secretar\u00eda de Planeaci\u00f3n y Desarrollo Territorial, equipos t\u00e9cnicos y actores estrat\u00e9gicos del territorio.<\/p>\n<p>El Plan de Ordenamiento Departamental se consolida como herramienta fundamental para orientar la toma de decisiones, promover la competitividad y garantizar la adecuada planificaci\u00f3n del territorio, para responder a las necesidades actuales y futuras de las comunidades.<\/p>\n<p>\u201cEl Plan de Ordenamiento Departamental representa una hoja de ruta estrat\u00e9gica para el desarrollo equilibrado del territorio, permiti\u00e9ndonos articular esfuerzos entre municipios y garantizar un crecimiento sostenible para Norte de Santander\u201d, dijo Diego Matamoros, director del proceso de formulaci\u00f3n del POD.<\/p>\n<p>Marcela Angulo, secretaria de Planeaci\u00f3n y Desarrollo Territorial, resalt\u00f3 la importancia de construir este instrumento de manera participativa, integrar las voces de diferentes sectores y asegurar que las decisiones reflejen las realidades y potencialidades de cada subregi\u00f3n.<\/p>\n<p>El proceso continuar\u00e1 desarroll\u00e1ndose por medio de mesas t\u00e9cnicas y espacios de participaci\u00f3n. El fin es consolidar el Plan de Ordenamiento Departamental s\u00f3lido, incluyente y orientado al futuro del departamento.<\/p>\n<p><strong>TATIANA VEGA &#8211; @GoberNorte<\/strong><\/p>\n","protected":false},"excerpt":{"rendered":"<p>C\u00daCUTA La Gobernaci\u00f3n lider\u00f3 la jornada de trabajo en procura de la construcci\u00f3n del Plan de Ordenamiento Departamental (POD). El prop\u00f3sito es fortalecer la planificaci\u00f3n territorial y proyectar el desarrollo equilibrado en Norte de Santander. Durante el encuentro, se abordaron temas clave relacionados con: La organizaci\u00f3n del uso del suelo La articulaci\u00f3n entre municipios La &hellip;<\/p>\n","protected":false},"author":1,"featured_media":46911,"comment_status":"open","ping_status":"open","sticky":false,"template":"","format":"standard","meta":{"footnotes":""},"categories":[4,6],"tags":[379,7562,6622],"class_list":["post-46910","post","type-post","status-publish","format-standard","has-post-thumbnail","hentry","category-barra","category-ojo-avizor","tag-gobernacion-de-norte-de-santander","tag-plan-de-ordenamiento-departamental","tag-secretaria-de-planeacion-y-desarrollo-territorial"],"_links":{"self":[{"href":"https:\/\/contraluzcucuta.co\/index.php?rest_route=\/wp\/v2\/posts\/46910","targetHints":{"allow":["GET"]}}],"collection":[{"href":"https:\/\/contraluzcucuta.co\/index.php?rest_route=\/wp\/v2\/posts"}],"about":[{"href":"https:\/\/contraluzcucuta.co\/index.php?rest_route=\/wp\/v2\/types\/post"}],"author":[{"embeddable":true,"href":"https:\/\/contraluzcucuta.co\/index.php?rest_route=\/wp\/v2\/users\/1"}],"replies":[{"embeddable":true,"href":"https:\/\/contraluzcucuta.co\/index.php?rest_route=%2Fwp%2Fv2%2Fcomments&post=46910"}],"version-history":[{"count":2,"href":"https:\/\/contraluzcucuta.co\/index.php?rest_route=\/wp\/v2\/posts\/46910\/revisions"}],"predecessor-version":[{"id":46914,"href":"https:\/\/contraluzcucuta.co\/index.php?rest_route=\/wp\/v2\/posts\/46910\/revisions\/46914"}],"wp:featuredmedia":[{"embeddable":true,"href":"https:\/\/contraluzcucuta.co\/index.php?rest_route=\/wp\/v2\/media\/46911"}],"wp:attachment":[{"href":"https:\/\/contraluzcucuta.co\/index.php?rest_route=%2Fwp%2Fv2%2Fmedia&parent=46910"}],"wp:term":[{"taxonomy":"category","embeddable":true,"href":"https:\/\/contraluzcucuta.co\/index.php?rest_route=%2Fwp%2Fv2%2Fcategories&post=46910"},{"taxonomy":"post_tag","embeddable":true,"href":"https:\/\/contraluzcucuta.co\/index.php?rest_route=%2Fwp%2Fv2%2Ftags&post=46910"}],"curies":[{"name":"wp","href":"https:\/\/api.w.org\/{rel}","templated":true}]}}