{"id":46903,"date":"2026-03-19T14:25:31","date_gmt":"2026-03-19T19:25:31","guid":{"rendered":"https:\/\/contraluzcucuta.co\/?p=46903"},"modified":"2026-03-19T14:32:52","modified_gmt":"2026-03-19T19:32:52","slug":"recuperacion-de-espacios-en-san-martin-avanza-la-estrategia-de-seguridad-territorial","status":"publish","type":"post","link":"https:\/\/contraluzcucuta.co\/?p=46903","title":{"rendered":"RECUPERACI\u00d3N DE ESPACIOS. En San Mart\u00edn avanza la estrategia de seguridad territorial"},"content":{"rendered":"<p style=\"text-align: right;\"><strong>C\u00daCUTA.<\/strong><\/p>\n<p style=\"text-align: center;\"><a href=\"https:\/\/contraluzcucuta.co\/wp-content\/uploads\/2026\/03\/BARRIO-SAN-MARTIN-RESOCIALIZADOS-2.jpeg\"><img loading=\"lazy\" decoding=\"async\" class=\"alignnone size-medium wp-image-46906\" src=\"https:\/\/contraluzcucuta.co\/wp-content\/uploads\/2026\/03\/BARRIO-SAN-MARTIN-RESOCIALIZADOS-2-300x138.jpeg\" alt=\"\" width=\"300\" height=\"138\" srcset=\"https:\/\/contraluzcucuta.co\/wp-content\/uploads\/2026\/03\/BARRIO-SAN-MARTIN-RESOCIALIZADOS-2-300x138.jpeg 300w, https:\/\/contraluzcucuta.co\/wp-content\/uploads\/2026\/03\/BARRIO-SAN-MARTIN-RESOCIALIZADOS-2-1024x472.jpeg 1024w, https:\/\/contraluzcucuta.co\/wp-content\/uploads\/2026\/03\/BARRIO-SAN-MARTIN-RESOCIALIZADOS-2-768x354.jpeg 768w, https:\/\/contraluzcucuta.co\/wp-content\/uploads\/2026\/03\/BARRIO-SAN-MARTIN-RESOCIALIZADOS-2-600x277.jpeg 600w, https:\/\/contraluzcucuta.co\/wp-content\/uploads\/2026\/03\/BARRIO-SAN-MARTIN-RESOCIALIZADOS-2.jpeg 1280w\" sizes=\"auto, (max-width: 300px) 100vw, 300px\" \/><\/a> <a href=\"https:\/\/contraluzcucuta.co\/wp-content\/uploads\/2026\/03\/BARRIO-SAN-MARTIN-RESOCIALIZADOS-1.jpeg\"><img loading=\"lazy\" decoding=\"async\" class=\"alignnone size-medium wp-image-46905\" src=\"https:\/\/contraluzcucuta.co\/wp-content\/uploads\/2026\/03\/BARRIO-SAN-MARTIN-RESOCIALIZADOS-1-300x138.jpeg\" alt=\"\" width=\"300\" height=\"138\" srcset=\"https:\/\/contraluzcucuta.co\/wp-content\/uploads\/2026\/03\/BARRIO-SAN-MARTIN-RESOCIALIZADOS-1-300x138.jpeg 300w, https:\/\/contraluzcucuta.co\/wp-content\/uploads\/2026\/03\/BARRIO-SAN-MARTIN-RESOCIALIZADOS-1-1024x472.jpeg 1024w, https:\/\/contraluzcucuta.co\/wp-content\/uploads\/2026\/03\/BARRIO-SAN-MARTIN-RESOCIALIZADOS-1-768x354.jpeg 768w, https:\/\/contraluzcucuta.co\/wp-content\/uploads\/2026\/03\/BARRIO-SAN-MARTIN-RESOCIALIZADOS-1-600x277.jpeg 600w, https:\/\/contraluzcucuta.co\/wp-content\/uploads\/2026\/03\/BARRIO-SAN-MARTIN-RESOCIALIZADOS-1.jpeg 1280w\" sizes=\"auto, (max-width: 300px) 100vw, 300px\" \/><\/a><\/p>\n<p><strong><span style=\"color: #ff9900;\">En el barrio San Mart\u00edn, hombres privados de la libertad lideraron la jornada de limpieza y recuperaci\u00f3n de espacios. La acci\u00f3n est\u00e1 orientada a la consolidaci\u00f3n de entornos seguros y protectores para la comunidad, en cumplimiento del proceso de resocializaci\u00f3n.<\/span><\/strong><\/p>\n<p>La actividad cont\u00f3 con acompa\u00f1amiento del Inpec, Polic\u00eda Metropolitana y soldados del Grupo de Caballer\u00eda Mediano N. 5 Herm\u00f3genes Maza. La apuesta busca lograr acciones articuladas para la recuperaci\u00f3n de zonas priorizadas y el fortalecimiento de la convivencia ciudadana.<\/p>\n<p>\u201cEste tipo de acciones demuestran que el trabajo articulado s\u00ed genera resultados\u201d, afirm\u00f3 el secretario de Seguridad, Edwin Cardona. Se recuperaron espacios f\u00edsicos y se avanza en procesos de resocializaci\u00f3n y en la construcci\u00f3n de entornos seguros para los ciudadanos. \u201cSeguimos firmes en nuestra misi\u00f3n de devolverle la tranquilidad a cada sector de la ciudad\u201d.<\/p>\n","protected":false},"excerpt":{"rendered":"<p>C\u00daCUTA. En el barrio San Mart\u00edn, hombres privados de la libertad lideraron la jornada de limpieza y recuperaci\u00f3n de espacios. La acci\u00f3n est\u00e1 orientada a la consolidaci\u00f3n de entornos seguros y protectores para la comunidad, en cumplimiento del proceso de resocializaci\u00f3n. La actividad cont\u00f3 con acompa\u00f1amiento del Inpec, Polic\u00eda Metropolitana y soldados del Grupo de &hellip;<\/p>\n","protected":false},"author":1,"featured_media":46907,"comment_status":"open","ping_status":"open","sticky":false,"template":"","format":"standard","meta":{"footnotes":""},"categories":[36],"tags":[7561,2620,323,163],"class_list":["post-46903","post","type-post","status-publish","format-standard","has-post-thumbnail","hentry","category-la-voz-del-pueblo","tag-barrio-san-martin","tag-inpec-cucuta","tag-mecuc","tag-policia-metropolitana"],"_links":{"self":[{"href":"https:\/\/contraluzcucuta.co\/index.php?rest_route=\/wp\/v2\/posts\/46903","targetHints":{"allow":["GET"]}}],"collection":[{"href":"https:\/\/contraluzcucuta.co\/index.php?rest_route=\/wp\/v2\/posts"}],"about":[{"href":"https:\/\/contraluzcucuta.co\/index.php?rest_route=\/wp\/v2\/types\/post"}],"author":[{"embeddable":true,"href":"https:\/\/contraluzcucuta.co\/index.php?rest_route=\/wp\/v2\/users\/1"}],"replies":[{"embeddable":true,"href":"https:\/\/contraluzcucuta.co\/index.php?rest_route=%2Fwp%2Fv2%2Fcomments&post=46903"}],"version-history":[{"count":3,"href":"https:\/\/contraluzcucuta.co\/index.php?rest_route=\/wp\/v2\/posts\/46903\/revisions"}],"predecessor-version":[{"id":46909,"href":"https:\/\/contraluzcucuta.co\/index.php?rest_route=\/wp\/v2\/posts\/46903\/revisions\/46909"}],"wp:featuredmedia":[{"embeddable":true,"href":"https:\/\/contraluzcucuta.co\/index.php?rest_route=\/wp\/v2\/media\/46907"}],"wp:attachment":[{"href":"https:\/\/contraluzcucuta.co\/index.php?rest_route=%2Fwp%2Fv2%2Fmedia&parent=46903"}],"wp:term":[{"taxonomy":"category","embeddable":true,"href":"https:\/\/contraluzcucuta.co\/index.php?rest_route=%2Fwp%2Fv2%2Fcategories&post=46903"},{"taxonomy":"post_tag","embeddable":true,"href":"https:\/\/contraluzcucuta.co\/index.php?rest_route=%2Fwp%2Fv2%2Ftags&post=46903"}],"curies":[{"name":"wp","href":"https:\/\/api.w.org\/{rel}","templated":true}]}}