{"id":46894,"date":"2026-03-19T05:24:27","date_gmt":"2026-03-19T10:24:27","guid":{"rendered":"https:\/\/contraluzcucuta.co\/?p=46894"},"modified":"2026-03-19T05:24:27","modified_gmt":"2026-03-19T10:24:27","slug":"cutex-2026-fortalecimiento-a-la-industria-textil-y-a-la-integracion-binacional","status":"publish","type":"post","link":"https:\/\/contraluzcucuta.co\/?p=46894","title":{"rendered":"C\u00daTEX 2026. Fortalecimiento a la industria textil y a la integraci\u00f3n binacional"},"content":{"rendered":"<p style=\"text-align: right;\"><strong>C\u00daCUTA.<\/strong><\/p>\n<p><strong><span style=\"color: #ff9900;\">La Oficina de Emprendimiento y Acceso al Cr\u00e9dito del Banco del Progreso particip\u00f3 en C\u00fatex 2026. La feria de proveedur\u00eda del sector moda es la m\u00e1s importante de la ciudad. Este espacio conecta a empresarios, proveedores y confeccionistas de la cadena productiva.<\/span><\/strong><\/p>\n<p><a href=\"https:\/\/contraluzcucuta.co\/wp-content\/uploads\/2026\/03\/ALCALDIA-CUTEX-2026-2a.jpg\"><img loading=\"lazy\" decoding=\"async\" class=\"alignnone  wp-image-46896 alignleft\" src=\"https:\/\/contraluzcucuta.co\/wp-content\/uploads\/2026\/03\/ALCALDIA-CUTEX-2026-2a-300x222.jpg\" alt=\"\" width=\"249\" height=\"184\" srcset=\"https:\/\/contraluzcucuta.co\/wp-content\/uploads\/2026\/03\/ALCALDIA-CUTEX-2026-2a-300x222.jpg 300w, https:\/\/contraluzcucuta.co\/wp-content\/uploads\/2026\/03\/ALCALDIA-CUTEX-2026-2a-1024x758.jpg 1024w, https:\/\/contraluzcucuta.co\/wp-content\/uploads\/2026\/03\/ALCALDIA-CUTEX-2026-2a-768x569.jpg 768w, https:\/\/contraluzcucuta.co\/wp-content\/uploads\/2026\/03\/ALCALDIA-CUTEX-2026-2a-600x444.jpg 600w, https:\/\/contraluzcucuta.co\/wp-content\/uploads\/2026\/03\/ALCALDIA-CUTEX-2026-2a.jpg 1118w\" sizes=\"auto, (max-width: 249px) 100vw, 249px\" \/><\/a><\/p>\n<p>El evento, que integra la segunda Convenci\u00f3n de Confeccionistas Colombia\u2013Venezuela, cont\u00f3 con la participaci\u00f3n de Venezuela como pa\u00eds invitado. El objetivo es fortalecer los lazos comerciales y posicionar a C\u00facuta como punto estrat\u00e9gico para la integraci\u00f3n econ\u00f3mica binacional.<\/p>\n<p>Luis Javier Chaves, jefe de la Oficina de Emprendimiento y Acceso al Cr\u00e9dito del Banco del Progreso, destac\u00f3 la importancia de estos espacios para el crecimiento empresarial. Invit\u00f3 a los empresarios locales y de la regionales a vincularse y participar.<\/p>\n<p>\u201cAqu\u00ed pueden conseguir insumos a mejores precios, maquinaria y tecnolog\u00eda indispensables para que sus unidades productivas contin\u00faen creciendo\u201d, dijo Chaves. La Alcald\u00eda de C\u00facuta apoya a este sector, generador de empleo y oportunidades para los cucute\u00f1os.<\/p>\n<p>Empresarios participantes resaltaron el impacto comercial y las oportunidades de expansi\u00f3n internacional que ofrece la feria. Mar\u00eda Ibarra dijo que \u201cllevamos tres a\u00f1os participando en C\u00fatex y nos ha ido bien. Este a\u00f1o tenemos muchas expectativas con la llegada de empresarios venezolanos; con la apertura de frontera. Ese es uno de nuestros principales proyectos\u201d.<\/p>\n<p>C\u00fatex se consolida como la vitrina estrat\u00e9gica para el sector textil y de confecci\u00f3n.<\/p>\n<ul>\n<li>Permite el acceso a nuevos mercados<\/li>\n<li>Fortalece alianzas comerciales<\/li>\n<li>Promueve la innovaci\u00f3n en la industria.<\/li>\n<\/ul>\n","protected":false},"excerpt":{"rendered":"<p>C\u00daCUTA. La Oficina de Emprendimiento y Acceso al Cr\u00e9dito del Banco del Progreso particip\u00f3 en C\u00fatex 2026. La feria de proveedur\u00eda del sector moda es la m\u00e1s importante de la ciudad. Este espacio conecta a empresarios, proveedores y confeccionistas de la cadena productiva. El evento, que integra la segunda Convenci\u00f3n de Confeccionistas Colombia\u2013Venezuela, cont\u00f3 con &hellip;<\/p>\n","protected":false},"author":1,"featured_media":46895,"comment_status":"open","ping_status":"open","sticky":false,"template":"","format":"standard","meta":{"footnotes":""},"categories":[45,4],"tags":[6400,7559,7556,7557,7558],"class_list":["post-46894","post","type-post","status-publish","format-standard","has-post-thumbnail","hentry","category-destacado","category-barra","tag-banco-del-progreso-de-cucuta","tag-confeccionistas","tag-cutex-2026","tag-empresarios","tag-proveedores"],"_links":{"self":[{"href":"https:\/\/contraluzcucuta.co\/index.php?rest_route=\/wp\/v2\/posts\/46894","targetHints":{"allow":["GET"]}}],"collection":[{"href":"https:\/\/contraluzcucuta.co\/index.php?rest_route=\/wp\/v2\/posts"}],"about":[{"href":"https:\/\/contraluzcucuta.co\/index.php?rest_route=\/wp\/v2\/types\/post"}],"author":[{"embeddable":true,"href":"https:\/\/contraluzcucuta.co\/index.php?rest_route=\/wp\/v2\/users\/1"}],"replies":[{"embeddable":true,"href":"https:\/\/contraluzcucuta.co\/index.php?rest_route=%2Fwp%2Fv2%2Fcomments&post=46894"}],"version-history":[{"count":1,"href":"https:\/\/contraluzcucuta.co\/index.php?rest_route=\/wp\/v2\/posts\/46894\/revisions"}],"predecessor-version":[{"id":46897,"href":"https:\/\/contraluzcucuta.co\/index.php?rest_route=\/wp\/v2\/posts\/46894\/revisions\/46897"}],"wp:featuredmedia":[{"embeddable":true,"href":"https:\/\/contraluzcucuta.co\/index.php?rest_route=\/wp\/v2\/media\/46895"}],"wp:attachment":[{"href":"https:\/\/contraluzcucuta.co\/index.php?rest_route=%2Fwp%2Fv2%2Fmedia&parent=46894"}],"wp:term":[{"taxonomy":"category","embeddable":true,"href":"https:\/\/contraluzcucuta.co\/index.php?rest_route=%2Fwp%2Fv2%2Fcategories&post=46894"},{"taxonomy":"post_tag","embeddable":true,"href":"https:\/\/contraluzcucuta.co\/index.php?rest_route=%2Fwp%2Fv2%2Ftags&post=46894"}],"curies":[{"name":"wp","href":"https:\/\/api.w.org\/{rel}","templated":true}]}}