{"id":46848,"date":"2026-03-13T15:46:02","date_gmt":"2026-03-13T20:46:02","guid":{"rendered":"https:\/\/contraluzcucuta.co\/?p=46848"},"modified":"2026-03-13T15:46:02","modified_gmt":"2026-03-13T20:46:02","slug":"barrio-nina-ceci-sisben-abre-nuevo-punto-de-atencion","status":"publish","type":"post","link":"https:\/\/contraluzcucuta.co\/?p=46848","title":{"rendered":"BARRIO NI\u00d1A CECI. Sisb\u00e9n abre nuevo punto de atenci\u00f3n"},"content":{"rendered":"<p style=\"text-align: right;\"><strong>C\u00daCUTA<\/strong><\/p>\n<p><strong><span style=\"color: #ff9900;\">La Oficina de Caracterizaci\u00f3n Socioecon\u00f3mica contin\u00faa el fortalecimiento de la atenci\u00f3n a los ciudadanos. Para el cumplimiento de los objetivos propuestos abri\u00f3 el punto 11, en el Cuidarte del barrio Ni\u00f1a Ceci. El horario ser\u00e1 de 7:30 a.m. a 11:30 a.m.<\/span><\/strong><\/p>\n<p><a href=\"https:\/\/contraluzcucuta.co\/wp-content\/uploads\/2026\/03\/SISBEN-PUESTO-11-2.jpg\"><img loading=\"lazy\" decoding=\"async\" class=\"alignnone  wp-image-46850 alignright\" src=\"https:\/\/contraluzcucuta.co\/wp-content\/uploads\/2026\/03\/SISBEN-PUESTO-11-2-300x264.jpg\" alt=\"\" width=\"249\" height=\"219\" srcset=\"https:\/\/contraluzcucuta.co\/wp-content\/uploads\/2026\/03\/SISBEN-PUESTO-11-2-300x264.jpg 300w, https:\/\/contraluzcucuta.co\/wp-content\/uploads\/2026\/03\/SISBEN-PUESTO-11-2-600x527.jpg 600w, https:\/\/contraluzcucuta.co\/wp-content\/uploads\/2026\/03\/SISBEN-PUESTO-11-2.jpg 628w\" sizes=\"auto, (max-width: 249px) 100vw, 249px\" \/><\/a><\/p>\n<p>El nuevo espacio permitir\u00e1 acercar los servicios del Sisb\u00e9n a m\u00e1s familias de la ciudad y facilitar\u00e1 los tr\u00e1mites presenciales y gratuitos.<\/p>\n<p><strong>Puntos de atenci\u00f3n disponibles<\/strong><\/p>\n<p>Lunes a viernes en Jornada continua<\/p>\n<ol>\n<li>Sede Principal Centro Comercial Las Mercedes<\/li>\n<\/ol>\n<p>7:30 a. m. a 3:00 p. m.<\/p>\n<ol start=\"2\">\n<li>Corregimiento Agua Clara<\/li>\n<\/ol>\n<p>8:00 a. m. a 12:00 m.<\/p>\n<ol start=\"3\">\n<li>Sal\u00f3n Comunal Barrio Aeropuerto<\/li>\n<\/ol>\n<p>7:30 a. m. a 3:00 p. m.<\/p>\n<ol start=\"4\">\n<li>Centro Int\u00e9grate<\/li>\n<\/ol>\n<p>7:30 a. m. a 12:00 m.<\/p>\n<ol start=\"5\">\n<li>Cuidarte La Libertad<\/li>\n<\/ol>\n<p>7:30 a. m. a 3:00 p. m.<\/p>\n<ol start=\"6\">\n<li>Cuidarte barrio Scalabrini<\/li>\n<\/ol>\n<p>7:30 a. m. a 3:00 p. m.<\/p>\n<ol start=\"7\">\n<li>Hospital Universitario Erasmo Meoz<\/li>\n<\/ol>\n<p>7:30 a. m. a 3:00 p. m.<\/p>\n<ol start=\"8\">\n<li>Centro Regional de Atenci\u00f3n a V\u00edctimas \u2013 CRAV Comuneros<\/li>\n<\/ol>\n<p>7:30 a. m. a 3:00 p. m.<\/p>\n<p>7:30 a. m. a 3:00 p. m.<\/p>\n<p><strong>Puntos transitorios<\/strong><\/p>\n<ol start=\"10\">\n<li>Secretar\u00eda de Salud de C\u00facuta<\/li>\n<\/ol>\n<p>Biblioteca Julio P\u00e9rez Ferrero<\/p>\n<p>7:30 a. m. a 12:00 m.<\/p>\n<ol start=\"11\">\n<li>Departamento Administrativo de Bienestar Social<\/li>\n<\/ol>\n<p>7:30 a. m. a 11:30 a. m.<\/p>\n<p>2:00 p. m. a 5:30 p. m.<\/p>\n","protected":false},"excerpt":{"rendered":"<p>C\u00daCUTA La Oficina de Caracterizaci\u00f3n Socioecon\u00f3mica contin\u00faa el fortalecimiento de la atenci\u00f3n a los ciudadanos. Para el cumplimiento de los objetivos propuestos abri\u00f3 el punto 11, en el Cuidarte del barrio Ni\u00f1a Ceci. El horario ser\u00e1 de 7:30 a.m. a 11:30 a.m. El nuevo espacio permitir\u00e1 acercar los servicios del Sisb\u00e9n a m\u00e1s familias de &hellip;<\/p>\n","protected":false},"author":1,"featured_media":46849,"comment_status":"open","ping_status":"open","sticky":false,"template":"","format":"standard","meta":{"footnotes":""},"categories":[4,36],"tags":[226,3129],"class_list":["post-46848","post","type-post","status-publish","format-standard","has-post-thumbnail","hentry","category-barra","category-la-voz-del-pueblo","tag-alcaldia-de-cucuta","tag-sisben-cucuta"],"_links":{"self":[{"href":"https:\/\/contraluzcucuta.co\/index.php?rest_route=\/wp\/v2\/posts\/46848","targetHints":{"allow":["GET"]}}],"collection":[{"href":"https:\/\/contraluzcucuta.co\/index.php?rest_route=\/wp\/v2\/posts"}],"about":[{"href":"https:\/\/contraluzcucuta.co\/index.php?rest_route=\/wp\/v2\/types\/post"}],"author":[{"embeddable":true,"href":"https:\/\/contraluzcucuta.co\/index.php?rest_route=\/wp\/v2\/users\/1"}],"replies":[{"embeddable":true,"href":"https:\/\/contraluzcucuta.co\/index.php?rest_route=%2Fwp%2Fv2%2Fcomments&post=46848"}],"version-history":[{"count":1,"href":"https:\/\/contraluzcucuta.co\/index.php?rest_route=\/wp\/v2\/posts\/46848\/revisions"}],"predecessor-version":[{"id":46851,"href":"https:\/\/contraluzcucuta.co\/index.php?rest_route=\/wp\/v2\/posts\/46848\/revisions\/46851"}],"wp:featuredmedia":[{"embeddable":true,"href":"https:\/\/contraluzcucuta.co\/index.php?rest_route=\/wp\/v2\/media\/46849"}],"wp:attachment":[{"href":"https:\/\/contraluzcucuta.co\/index.php?rest_route=%2Fwp%2Fv2%2Fmedia&parent=46848"}],"wp:term":[{"taxonomy":"category","embeddable":true,"href":"https:\/\/contraluzcucuta.co\/index.php?rest_route=%2Fwp%2Fv2%2Fcategories&post=46848"},{"taxonomy":"post_tag","embeddable":true,"href":"https:\/\/contraluzcucuta.co\/index.php?rest_route=%2Fwp%2Fv2%2Ftags&post=46848"}],"curies":[{"name":"wp","href":"https:\/\/api.w.org\/{rel}","templated":true}]}}