{"id":46826,"date":"2026-03-10T15:59:06","date_gmt":"2026-03-10T20:59:06","guid":{"rendered":"https:\/\/contraluzcucuta.co\/?p=46826"},"modified":"2026-03-10T15:59:06","modified_gmt":"2026-03-10T20:59:06","slug":"la-bagatela-2026-se-abre-convocatoria-para-los-x-premios-de-periodismo","status":"publish","type":"post","link":"https:\/\/contraluzcucuta.co\/?p=46826","title":{"rendered":"LA BAGATELA 2026. Se abre convocatoria para los X Premios de Periodismo"},"content":{"rendered":"<p style=\"text-align: right;\"><strong>C\u00daCUTA.<\/strong><\/p>\n<p><strong><span style=\"color: #ff9900;\">La secretaria de Cultura de Norte de Santander, Martha Mar\u00eda Reyes, presidi\u00f3 la apertura de la convocatoria a la d\u00e9cima versi\u00f3n del Premio Nacional de Periodismo La Bagatela 2026.<\/span><\/strong><\/p>\n<p>En esta oportunidad la invitaci\u00f3n a concursar se hace extensiva a comunicadores y periodistas del pa\u00eds, y a los que trabajan en medios venezolanos de regiones fronterizas con Colombia. Los participantes podr\u00e1n inscribir los trabajos en Prensa, Radio, Televisi\u00f3n, Fotograf\u00eda, Caricatura, Medios Digitales, Cine Documental y Tesis de Grado Universitaria.<\/p>\n<p>Los organizadores recordaron que se recibir\u00e1n los trabajos period\u00edsticos publicados entre junio del 2025 y mayo del 2026.<\/p>\n<p>La junta directiva del Premio cre\u00f3 este a\u00f1o la exaltaci\u00f3n <em>In Memoriam<\/em> de Julio Garc\u00eda-Herreros Prada. Har\u00e1 parte de los reconocimientos que se entregar\u00e1n a partir de 2026. Es un homenaje al periodista y compa\u00f1ero que durante m\u00e1s de 20 a\u00f1os dirigi\u00f3 la biblioteca p\u00fablica Julio P\u00e9rez Ferrero. Creador y organizador de la Fiesta Regional del Libro y promotor de actividades culturales. El premio se entregar\u00e1 a exponentes y promotores del acervo cultural regional y ser\u00e1 escogido por un jurado especial.<\/p>\n<p>A acto de presentaci\u00f3n asistieron los miembros de la junta directiva del Premio La Bagatela: presidente, Cicer\u00f3n Fl\u00f3rez; vicepresidente, Gabriel Angarita; directora, Patricia Giraldo; tesorera, Celmira Figueroa; secretaria del CPC, Susana Carvajal, y expresidente del CPC, Alejandro Cort\u00e9s.<\/p>\n","protected":false},"excerpt":{"rendered":"<p>C\u00daCUTA. La secretaria de Cultura de Norte de Santander, Martha Mar\u00eda Reyes, presidi\u00f3 la apertura de la convocatoria a la d\u00e9cima versi\u00f3n del Premio Nacional de Periodismo La Bagatela 2026. En esta oportunidad la invitaci\u00f3n a concursar se hace extensiva a comunicadores y periodistas del pa\u00eds, y a los que trabajan en medios venezolanos de &hellip;<\/p>\n","protected":false},"author":1,"featured_media":46827,"comment_status":"open","ping_status":"open","sticky":false,"template":"","format":"standard","meta":{"footnotes":""},"categories":[4,37],"tags":[6677,2891],"class_list":["post-46826","post","type-post","status-publish","format-standard","has-post-thumbnail","hentry","category-barra","category-paseo-cultural","tag-premio-nacional-de-periodismo-la-bagatela","tag-secretaria-de-cultura-de-norte-de-santander"],"_links":{"self":[{"href":"https:\/\/contraluzcucuta.co\/index.php?rest_route=\/wp\/v2\/posts\/46826","targetHints":{"allow":["GET"]}}],"collection":[{"href":"https:\/\/contraluzcucuta.co\/index.php?rest_route=\/wp\/v2\/posts"}],"about":[{"href":"https:\/\/contraluzcucuta.co\/index.php?rest_route=\/wp\/v2\/types\/post"}],"author":[{"embeddable":true,"href":"https:\/\/contraluzcucuta.co\/index.php?rest_route=\/wp\/v2\/users\/1"}],"replies":[{"embeddable":true,"href":"https:\/\/contraluzcucuta.co\/index.php?rest_route=%2Fwp%2Fv2%2Fcomments&post=46826"}],"version-history":[{"count":1,"href":"https:\/\/contraluzcucuta.co\/index.php?rest_route=\/wp\/v2\/posts\/46826\/revisions"}],"predecessor-version":[{"id":46828,"href":"https:\/\/contraluzcucuta.co\/index.php?rest_route=\/wp\/v2\/posts\/46826\/revisions\/46828"}],"wp:featuredmedia":[{"embeddable":true,"href":"https:\/\/contraluzcucuta.co\/index.php?rest_route=\/wp\/v2\/media\/46827"}],"wp:attachment":[{"href":"https:\/\/contraluzcucuta.co\/index.php?rest_route=%2Fwp%2Fv2%2Fmedia&parent=46826"}],"wp:term":[{"taxonomy":"category","embeddable":true,"href":"https:\/\/contraluzcucuta.co\/index.php?rest_route=%2Fwp%2Fv2%2Fcategories&post=46826"},{"taxonomy":"post_tag","embeddable":true,"href":"https:\/\/contraluzcucuta.co\/index.php?rest_route=%2Fwp%2Fv2%2Ftags&post=46826"}],"curies":[{"name":"wp","href":"https:\/\/api.w.org\/{rel}","templated":true}]}}