{"id":46748,"date":"2026-02-28T06:59:21","date_gmt":"2026-02-28T11:59:21","guid":{"rendered":"https:\/\/contraluzcucuta.co\/?p=46748"},"modified":"2026-02-28T06:59:21","modified_gmt":"2026-02-28T11:59:21","slug":"sede-la-esmeralda-nueva-infraestructura-con-capacidad-para-30-estudiantes","status":"publish","type":"post","link":"https:\/\/contraluzcucuta.co\/?p=46748","title":{"rendered":"SEDE LA ESMERALDA. Nueva infraestructura, con capacidad para 30 estudiantes"},"content":{"rendered":"<p style=\"text-align: right;\"><strong>C\u00c1CHIRA \u2013 Norte de Santander.<\/strong><\/p>\n<p><a href=\"https:\/\/contraluzcucuta.co\/wp-content\/uploads\/2026\/02\/SECRETARIA-DE-EDUCACION-CACHIRA-1-1.jpeg\"><img loading=\"lazy\" decoding=\"async\" class=\"alignnone  wp-image-46751 alignleft\" src=\"https:\/\/contraluzcucuta.co\/wp-content\/uploads\/2026\/02\/SECRETARIA-DE-EDUCACION-CACHIRA-1-1-300x225.jpeg\" alt=\"\" width=\"251\" height=\"188\" srcset=\"https:\/\/contraluzcucuta.co\/wp-content\/uploads\/2026\/02\/SECRETARIA-DE-EDUCACION-CACHIRA-1-1-300x225.jpeg 300w, https:\/\/contraluzcucuta.co\/wp-content\/uploads\/2026\/02\/SECRETARIA-DE-EDUCACION-CACHIRA-1-1-1024x768.jpeg 1024w, https:\/\/contraluzcucuta.co\/wp-content\/uploads\/2026\/02\/SECRETARIA-DE-EDUCACION-CACHIRA-1-1-768x576.jpeg 768w, https:\/\/contraluzcucuta.co\/wp-content\/uploads\/2026\/02\/SECRETARIA-DE-EDUCACION-CACHIRA-1-1-1536x1152.jpeg 1536w, https:\/\/contraluzcucuta.co\/wp-content\/uploads\/2026\/02\/SECRETARIA-DE-EDUCACION-CACHIRA-1-1-600x450.jpeg 600w, https:\/\/contraluzcucuta.co\/wp-content\/uploads\/2026\/02\/SECRETARIA-DE-EDUCACION-CACHIRA-1-1.jpeg 1600w\" sizes=\"auto, (max-width: 251px) 100vw, 251px\" \/><\/a><\/p>\n<p><strong><span style=\"color: #ff9900;\">Ni\u00f1os y padres de familia de la vereda La Esmeralda, en C\u00e1chira, celebraron la construcci\u00f3n de la sede educativa, con capacidad para 30 estudiantes. La obra, que mejora la capacidad instalada del Centro Educativo Rural La Primavera, consisti\u00f3 en la edificaci\u00f3n del aula de clase, cocina, \u00e1rea de comedor y habitaci\u00f3n para el docente. La inversi\u00f3n alcanz\u00f3 los $ 353,4 millones, del Sistema General de Participaciones.<\/span><\/strong><\/p>\n<p>\u201cAvanzamos con los arreglos locativos en planteles educativos oficiales del departamento\u201d, afirm\u00f3 la secretaria de Educaci\u00f3n, Laura C\u00e1ceres Ni\u00f1o. El prop\u00f3sito es mejorar y ampliar la infraestructura que permita la formaci\u00f3n integral en espacios seguros, salubres, c\u00f3modos y adecuados.<\/p>\n<p>En el 2026, se han destinado, adicionalmente, $ 1000 millones, por los rendimientos financieros generados por recursos del Sistema General de Participaciones. Ser\u00e1n invertidos en mantenimiento y adecuaci\u00f3n de 80 sedes, en 20 municipios.<\/p>\n<p><strong>ANDREA PINTO SIERRA\u00a0 &#8211; @GoberNOrte<\/strong><\/p>\n","protected":false},"excerpt":{"rendered":"<p>C\u00c1CHIRA \u2013 Norte de Santander. Ni\u00f1os y padres de familia de la vereda La Esmeralda, en C\u00e1chira, celebraron la construcci\u00f3n de la sede educativa, con capacidad para 30 estudiantes. La obra, que mejora la capacidad instalada del Centro Educativo Rural La Primavera, consisti\u00f3 en la edificaci\u00f3n del aula de clase, cocina, \u00e1rea de comedor y &hellip;<\/p>\n","protected":false},"author":1,"featured_media":46750,"comment_status":"open","ping_status":"open","sticky":false,"template":"","format":"standard","meta":{"footnotes":""},"categories":[556,4],"tags":[3163,2861,7527],"class_list":["post-46748","post","type-post","status-publish","format-standard","has-post-thumbnail","hentry","category-departamento","category-barra","tag-cachira","tag-secretaria-de-educacion","tag-vereda-la-esmeralda"],"_links":{"self":[{"href":"https:\/\/contraluzcucuta.co\/index.php?rest_route=\/wp\/v2\/posts\/46748","targetHints":{"allow":["GET"]}}],"collection":[{"href":"https:\/\/contraluzcucuta.co\/index.php?rest_route=\/wp\/v2\/posts"}],"about":[{"href":"https:\/\/contraluzcucuta.co\/index.php?rest_route=\/wp\/v2\/types\/post"}],"author":[{"embeddable":true,"href":"https:\/\/contraluzcucuta.co\/index.php?rest_route=\/wp\/v2\/users\/1"}],"replies":[{"embeddable":true,"href":"https:\/\/contraluzcucuta.co\/index.php?rest_route=%2Fwp%2Fv2%2Fcomments&post=46748"}],"version-history":[{"count":1,"href":"https:\/\/contraluzcucuta.co\/index.php?rest_route=\/wp\/v2\/posts\/46748\/revisions"}],"predecessor-version":[{"id":46752,"href":"https:\/\/contraluzcucuta.co\/index.php?rest_route=\/wp\/v2\/posts\/46748\/revisions\/46752"}],"wp:featuredmedia":[{"embeddable":true,"href":"https:\/\/contraluzcucuta.co\/index.php?rest_route=\/wp\/v2\/media\/46750"}],"wp:attachment":[{"href":"https:\/\/contraluzcucuta.co\/index.php?rest_route=%2Fwp%2Fv2%2Fmedia&parent=46748"}],"wp:term":[{"taxonomy":"category","embeddable":true,"href":"https:\/\/contraluzcucuta.co\/index.php?rest_route=%2Fwp%2Fv2%2Fcategories&post=46748"},{"taxonomy":"post_tag","embeddable":true,"href":"https:\/\/contraluzcucuta.co\/index.php?rest_route=%2Fwp%2Fv2%2Ftags&post=46748"}],"curies":[{"name":"wp","href":"https:\/\/api.w.org\/{rel}","templated":true}]}}