{"id":46731,"date":"2026-02-27T20:59:53","date_gmt":"2026-02-28T01:59:53","guid":{"rendered":"https:\/\/contraluzcucuta.co\/?p=46731"},"modified":"2026-02-27T20:59:53","modified_gmt":"2026-02-28T01:59:53","slug":"por-paz-fortalece-capacidades-y-proyectos-de-vida-de-victimas-del-conflicto","status":"publish","type":"post","link":"https:\/\/contraluzcucuta.co\/?p=46731","title":{"rendered":"POR + PAZ. Fortalece capacidades y proyectos de vida de v\u00edctimas del conflicto"},"content":{"rendered":"<p style=\"text-align: right;\"><strong>C\u00daCUTA.<\/strong><\/p>\n<p><strong><span style=\"color: #ff9900;\">La secretar\u00eda de V\u00edctimas, Paz y Postconflicto de Norte de Santander culmin\u00f3 la implementaci\u00f3n del proyecto POR + PAZ. La estrategia integral permiti\u00f3 fortalecer las capacidades socioecon\u00f3micas y el proyecto de vida de la poblaci\u00f3n v\u00edctima del conflicto armado en el departamento.<\/span><\/strong><\/p>\n<p><a href=\"https:\/\/contraluzcucuta.co\/wp-content\/uploads\/2026\/02\/PROYECTO-POR-PAZ-2.jpeg\"><img loading=\"lazy\" decoding=\"async\" class=\"alignnone  wp-image-46733 alignright\" src=\"https:\/\/contraluzcucuta.co\/wp-content\/uploads\/2026\/02\/PROYECTO-POR-PAZ-2-300x225.jpeg\" alt=\"\" width=\"259\" height=\"194\" srcset=\"https:\/\/contraluzcucuta.co\/wp-content\/uploads\/2026\/02\/PROYECTO-POR-PAZ-2-300x225.jpeg 300w, https:\/\/contraluzcucuta.co\/wp-content\/uploads\/2026\/02\/PROYECTO-POR-PAZ-2-1024x768.jpeg 1024w, https:\/\/contraluzcucuta.co\/wp-content\/uploads\/2026\/02\/PROYECTO-POR-PAZ-2-768x576.jpeg 768w, https:\/\/contraluzcucuta.co\/wp-content\/uploads\/2026\/02\/PROYECTO-POR-PAZ-2-600x450.jpeg 600w, https:\/\/contraluzcucuta.co\/wp-content\/uploads\/2026\/02\/PROYECTO-POR-PAZ-2.jpeg 1428w\" sizes=\"auto, (max-width: 259px) 100vw, 259px\" \/><\/a><\/p>\n<p>El proyecto, desarrollado con apoyo de la Fundaci\u00f3n ESCEC, benefici\u00f3 a mil habitantes de C\u00facuta, Oca\u00f1a y Tib\u00fa. Los participantes vivieron el proceso integral de formaci\u00f3n, orientaci\u00f3n y acompa\u00f1amiento enfocado en:<\/p>\n<ul>\n<li>El fortalecimiento personal<\/li>\n<li>La generaci\u00f3n de oportunidades para el desarrollo sostenible<\/li>\n<li>El aprendizaje de artes y oficios relacionados con la belleza y la organizaci\u00f3n de eventos.<\/li>\n<\/ul>\n<p>POR + PAZ se desarroll\u00f3 en varias etapas. El alistamiento, la divulgaci\u00f3n y la socializaci\u00f3n del programa permiti\u00f3 que la poblaci\u00f3n conociera la iniciativa y se vinculara de manera voluntaria. Posteriormente, se llev\u00f3 a cabo el proceso de formaci\u00f3n transversal con acompa\u00f1amiento sicosocial, orientado al fortalecimiento del ser, las habilidades personales y la confianza, elementos fundamentales para la reconstrucci\u00f3n del tejido social.<\/p>\n<p><a href=\"https:\/\/contraluzcucuta.co\/wp-content\/uploads\/2026\/02\/PROYECTO-POR-PAZ-1.jpeg\"><img loading=\"lazy\" decoding=\"async\" class=\"alignnone  wp-image-46732 alignright\" src=\"https:\/\/contraluzcucuta.co\/wp-content\/uploads\/2026\/02\/PROYECTO-POR-PAZ-1-300x226.jpeg\" alt=\"\" width=\"250\" height=\"188\" srcset=\"https:\/\/contraluzcucuta.co\/wp-content\/uploads\/2026\/02\/PROYECTO-POR-PAZ-1-300x226.jpeg 300w, https:\/\/contraluzcucuta.co\/wp-content\/uploads\/2026\/02\/PROYECTO-POR-PAZ-1-1024x771.jpeg 1024w, https:\/\/contraluzcucuta.co\/wp-content\/uploads\/2026\/02\/PROYECTO-POR-PAZ-1-768x578.jpeg 768w, https:\/\/contraluzcucuta.co\/wp-content\/uploads\/2026\/02\/PROYECTO-POR-PAZ-1-1536x1156.jpeg 1536w, https:\/\/contraluzcucuta.co\/wp-content\/uploads\/2026\/02\/PROYECTO-POR-PAZ-1-600x452.jpeg 600w, https:\/\/contraluzcucuta.co\/wp-content\/uploads\/2026\/02\/PROYECTO-POR-PAZ-1.jpeg 1600w\" sizes=\"auto, (max-width: 250px) 100vw, 250px\" \/><\/a><\/p>\n<p>Los beneficiarios hicieron parte de espacios pr\u00e1cticos de aprendizaje y participaci\u00f3n en ferias de emprendimiento. Pudieron aplicar los conocimientos y proyectar sus iniciativas productivas. El proceso culmin\u00f3 con la graduaci\u00f3n de los estudiantes y la entrega del kit de emprendimiento para impulsar negocios.<\/p>\n<p>POR + PAZ reafirm\u00f3 el compromiso de la Gobernaci\u00f3n de Norte de Santander con la construcci\u00f3n de paz, mediante acciones que dignifican a las v\u00edctimas, fortalecen las habilidades productivas y promueven oportunidades reales para el desarrollo integral y la participaci\u00f3n activa en la sociedad.<\/p>\n<p><strong>SANDRA DUR\u00c1N PINEDA @GoberNorte<\/strong><\/p>\n","protected":false},"excerpt":{"rendered":"<p>C\u00daCUTA. La secretar\u00eda de V\u00edctimas, Paz y Postconflicto de Norte de Santander culmin\u00f3 la implementaci\u00f3n del proyecto POR + PAZ. La estrategia integral permiti\u00f3 fortalecer las capacidades socioecon\u00f3micas y el proyecto de vida de la poblaci\u00f3n v\u00edctima del conflicto armado en el departamento. El proyecto, desarrollado con apoyo de la Fundaci\u00f3n ESCEC, benefici\u00f3 a mil &hellip;<\/p>\n","protected":false},"author":1,"featured_media":46734,"comment_status":"open","ping_status":"open","sticky":false,"template":"","format":"standard","meta":{"footnotes":""},"categories":[4,32],"tags":[6926,7524,379,7523,2682],"class_list":["post-46731","post","type-post","status-publish","format-standard","has-post-thumbnail","hentry","category-barra","category-recorrido-por-la-region","tag-gobernorte","tag-fundacion-escec","tag-gobernacion-de-norte-de-santander","tag-proyecto-por-paz","tag-secretaria-de-victimas"],"_links":{"self":[{"href":"https:\/\/contraluzcucuta.co\/index.php?rest_route=\/wp\/v2\/posts\/46731","targetHints":{"allow":["GET"]}}],"collection":[{"href":"https:\/\/contraluzcucuta.co\/index.php?rest_route=\/wp\/v2\/posts"}],"about":[{"href":"https:\/\/contraluzcucuta.co\/index.php?rest_route=\/wp\/v2\/types\/post"}],"author":[{"embeddable":true,"href":"https:\/\/contraluzcucuta.co\/index.php?rest_route=\/wp\/v2\/users\/1"}],"replies":[{"embeddable":true,"href":"https:\/\/contraluzcucuta.co\/index.php?rest_route=%2Fwp%2Fv2%2Fcomments&post=46731"}],"version-history":[{"count":1,"href":"https:\/\/contraluzcucuta.co\/index.php?rest_route=\/wp\/v2\/posts\/46731\/revisions"}],"predecessor-version":[{"id":46735,"href":"https:\/\/contraluzcucuta.co\/index.php?rest_route=\/wp\/v2\/posts\/46731\/revisions\/46735"}],"wp:featuredmedia":[{"embeddable":true,"href":"https:\/\/contraluzcucuta.co\/index.php?rest_route=\/wp\/v2\/media\/46734"}],"wp:attachment":[{"href":"https:\/\/contraluzcucuta.co\/index.php?rest_route=%2Fwp%2Fv2%2Fmedia&parent=46731"}],"wp:term":[{"taxonomy":"category","embeddable":true,"href":"https:\/\/contraluzcucuta.co\/index.php?rest_route=%2Fwp%2Fv2%2Fcategories&post=46731"},{"taxonomy":"post_tag","embeddable":true,"href":"https:\/\/contraluzcucuta.co\/index.php?rest_route=%2Fwp%2Fv2%2Ftags&post=46731"}],"curies":[{"name":"wp","href":"https:\/\/api.w.org\/{rel}","templated":true}]}}