{"id":46726,"date":"2026-02-27T20:34:09","date_gmt":"2026-02-28T01:34:09","guid":{"rendered":"https:\/\/contraluzcucuta.co\/?p=46726"},"modified":"2026-02-27T20:34:09","modified_gmt":"2026-02-28T01:34:09","slug":"espacio-publico-operativos-para-fortalecer-la-seguridad-y-la-sana-convivencia","status":"publish","type":"post","link":"https:\/\/contraluzcucuta.co\/?p=46726","title":{"rendered":"ESPACIO P\u00daBLICO. Operativos para fortalecer la seguridad y la sana convivencia"},"content":{"rendered":"<p style=\"text-align: right;\"><strong>C\u00daCUTA<\/strong><\/p>\n<p><strong><span style=\"color: #ff9900;\">La secretar\u00eda de Gobierno desarrolla operativos orientados a mejorar las condiciones ambientales, sanitarias y de seguridad en diferentes zonas de la ciudad. El prop\u00f3sito es recuperar y organizar sectores cr\u00edticos afectados por la ocupaci\u00f3n del espacio p\u00fablico.<\/span><\/strong><\/p>\n<p style=\"text-align: center;\"><a href=\"https:\/\/contraluzcucuta.co\/wp-content\/uploads\/2026\/02\/ESPACIO-PUBLICO-2.jpeg\"><img loading=\"lazy\" decoding=\"async\" class=\"alignnone size-medium wp-image-46727\" src=\"https:\/\/contraluzcucuta.co\/wp-content\/uploads\/2026\/02\/ESPACIO-PUBLICO-2-300x225.jpeg\" alt=\"\" width=\"300\" height=\"225\" srcset=\"https:\/\/contraluzcucuta.co\/wp-content\/uploads\/2026\/02\/ESPACIO-PUBLICO-2-300x225.jpeg 300w, https:\/\/contraluzcucuta.co\/wp-content\/uploads\/2026\/02\/ESPACIO-PUBLICO-2-1024x768.jpeg 1024w, https:\/\/contraluzcucuta.co\/wp-content\/uploads\/2026\/02\/ESPACIO-PUBLICO-2-768x576.jpeg 768w, https:\/\/contraluzcucuta.co\/wp-content\/uploads\/2026\/02\/ESPACIO-PUBLICO-2-600x450.jpeg 600w, https:\/\/contraluzcucuta.co\/wp-content\/uploads\/2026\/02\/ESPACIO-PUBLICO-2.jpeg 1280w\" sizes=\"auto, (max-width: 300px) 100vw, 300px\" \/><\/a> <a href=\"https:\/\/contraluzcucuta.co\/wp-content\/uploads\/2026\/02\/ESPACIO-PUBLICO-4.jpeg\"><img loading=\"lazy\" decoding=\"async\" class=\"alignnone size-medium wp-image-46729\" src=\"https:\/\/contraluzcucuta.co\/wp-content\/uploads\/2026\/02\/ESPACIO-PUBLICO-4-300x225.jpeg\" alt=\"\" width=\"300\" height=\"225\" srcset=\"https:\/\/contraluzcucuta.co\/wp-content\/uploads\/2026\/02\/ESPACIO-PUBLICO-4-300x225.jpeg 300w, https:\/\/contraluzcucuta.co\/wp-content\/uploads\/2026\/02\/ESPACIO-PUBLICO-4-1024x768.jpeg 1024w, https:\/\/contraluzcucuta.co\/wp-content\/uploads\/2026\/02\/ESPACIO-PUBLICO-4-768x576.jpeg 768w, https:\/\/contraluzcucuta.co\/wp-content\/uploads\/2026\/02\/ESPACIO-PUBLICO-4-600x450.jpeg 600w, https:\/\/contraluzcucuta.co\/wp-content\/uploads\/2026\/02\/ESPACIO-PUBLICO-4.jpeg 1280w\" sizes=\"auto, (max-width: 300px) 100vw, 300px\" \/><\/a><\/p>\n<p>En el 2026, la administraci\u00f3n municipal, liderada por el alcalde Jorge Acevedo, ha intervenido, en El Malec\u00f3n:<\/p>\n<ul>\n<li>En la ribera del Pamplonita se desmontaron 12 cambuches y se recolectaron tres toneladas de residuos s\u00f3lidos. La acci\u00f3n contribuy\u00f3 a la recuperaci\u00f3n del entorno y a la prevenci\u00f3n de riesgos sanitarios.<\/li>\n<li>En la Avenida del R\u00edo fueron desmontados cinco cambuches y se recogi\u00f3 una tonelada de desechos.<\/li>\n<\/ul>\n<p>El objetivo es organizar el espacio p\u00fablico en sectores donde la ocupaci\u00f3n indebida ha generado afectaciones a la convivencia de quienes residen y transitan por la zona.<\/p>\n<p>\u201cEstos operativos continuar\u00e1n en los sectores donde se evidencie invasi\u00f3n del espacio p\u00fablico\u201d, manifest\u00f3 Ignacio Rangel, secretario de Gobierno. El mensaje del Alcalde es garantizar la sana convivencia y recuperar los espacios para la ciudadan\u00eda.<\/p>\n<p>En las intervenciones participaron la Polic\u00eda y las secretar\u00edas de Seguridad Ciudadana y Bienestar Social.<\/p>\n","protected":false},"excerpt":{"rendered":"<p>C\u00daCUTA La secretar\u00eda de Gobierno desarrolla operativos orientados a mejorar las condiciones ambientales, sanitarias y de seguridad en diferentes zonas de la ciudad. El prop\u00f3sito es recuperar y organizar sectores cr\u00edticos afectados por la ocupaci\u00f3n del espacio p\u00fablico. En el 2026, la administraci\u00f3n municipal, liderada por el alcalde Jorge Acevedo, ha intervenido, en El Malec\u00f3n: &hellip;<\/p>\n","protected":false},"author":1,"featured_media":46728,"comment_status":"open","ping_status":"open","sticky":false,"template":"","format":"standard","meta":{"footnotes":""},"categories":[11,4],"tags":[5950,1832,811,6482],"class_list":["post-46726","post","type-post","status-publish","format-standard","has-post-thumbnail","hentry","category-cronica-roja","category-barra","tag-alcalde-jorge-acevedo","tag-el-malecon","tag-espacio-publico","tag-secretaria-de-gobierno-de-cucuta"],"_links":{"self":[{"href":"https:\/\/contraluzcucuta.co\/index.php?rest_route=\/wp\/v2\/posts\/46726","targetHints":{"allow":["GET"]}}],"collection":[{"href":"https:\/\/contraluzcucuta.co\/index.php?rest_route=\/wp\/v2\/posts"}],"about":[{"href":"https:\/\/contraluzcucuta.co\/index.php?rest_route=\/wp\/v2\/types\/post"}],"author":[{"embeddable":true,"href":"https:\/\/contraluzcucuta.co\/index.php?rest_route=\/wp\/v2\/users\/1"}],"replies":[{"embeddable":true,"href":"https:\/\/contraluzcucuta.co\/index.php?rest_route=%2Fwp%2Fv2%2Fcomments&post=46726"}],"version-history":[{"count":1,"href":"https:\/\/contraluzcucuta.co\/index.php?rest_route=\/wp\/v2\/posts\/46726\/revisions"}],"predecessor-version":[{"id":46730,"href":"https:\/\/contraluzcucuta.co\/index.php?rest_route=\/wp\/v2\/posts\/46726\/revisions\/46730"}],"wp:featuredmedia":[{"embeddable":true,"href":"https:\/\/contraluzcucuta.co\/index.php?rest_route=\/wp\/v2\/media\/46728"}],"wp:attachment":[{"href":"https:\/\/contraluzcucuta.co\/index.php?rest_route=%2Fwp%2Fv2%2Fmedia&parent=46726"}],"wp:term":[{"taxonomy":"category","embeddable":true,"href":"https:\/\/contraluzcucuta.co\/index.php?rest_route=%2Fwp%2Fv2%2Fcategories&post=46726"},{"taxonomy":"post_tag","embeddable":true,"href":"https:\/\/contraluzcucuta.co\/index.php?rest_route=%2Fwp%2Fv2%2Ftags&post=46726"}],"curies":[{"name":"wp","href":"https:\/\/api.w.org\/{rel}","templated":true}]}}