{"id":46721,"date":"2026-02-20T14:31:25","date_gmt":"2026-02-20T19:31:25","guid":{"rendered":"https:\/\/contraluzcucuta.co\/?p=46721"},"modified":"2026-02-20T14:31:25","modified_gmt":"2026-02-20T19:31:25","slug":"ifinorte-financia-obras-deportivas-y-sociales-en-los-patios","status":"publish","type":"post","link":"https:\/\/contraluzcucuta.co\/?p=46721","title":{"rendered":"IFINORTE. Financia obras deportivas y sociales en Los Patios"},"content":{"rendered":"<p style=\"text-align: right;\"><strong>LOS PATIOS \u2013 Norte de Santander.<\/strong><\/p>\n<p><strong><span style=\"color: #ff9900;\">El Instituto Financiero para el Desarrollo de Norte de Santander (Ifinorte) firm\u00f3 un contrato de empr\u00e9stito por $ 2800 millones con la Alcald\u00eda de Los Patios. El convenio se tramit\u00f3 por medio de la l\u00ednea de Cr\u00e9dito de Fomento. De esta manera, reafirma el compromiso con la financiaci\u00f3n de proyectos estrat\u00e9gicos que promueven el desarrollo regional.<\/span><\/strong><\/p>\n<p><a href=\"https:\/\/contraluzcucuta.co\/wp-content\/uploads\/2026\/02\/LOS-PATIOS-IFINORTE-1.jpeg\"><img loading=\"lazy\" decoding=\"async\" class=\"alignnone  wp-image-46723 alignleft\" src=\"https:\/\/contraluzcucuta.co\/wp-content\/uploads\/2026\/02\/LOS-PATIOS-IFINORTE-1-300x225.jpeg\" alt=\"\" width=\"247\" height=\"185\" srcset=\"https:\/\/contraluzcucuta.co\/wp-content\/uploads\/2026\/02\/LOS-PATIOS-IFINORTE-1-300x225.jpeg 300w, https:\/\/contraluzcucuta.co\/wp-content\/uploads\/2026\/02\/LOS-PATIOS-IFINORTE-1-1024x768.jpeg 1024w, https:\/\/contraluzcucuta.co\/wp-content\/uploads\/2026\/02\/LOS-PATIOS-IFINORTE-1-768x576.jpeg 768w, https:\/\/contraluzcucuta.co\/wp-content\/uploads\/2026\/02\/LOS-PATIOS-IFINORTE-1-600x450.jpeg 600w, https:\/\/contraluzcucuta.co\/wp-content\/uploads\/2026\/02\/LOS-PATIOS-IFINORTE-1.jpeg 1280w\" sizes=\"auto, (max-width: 247px) 100vw, 247px\" \/><\/a><\/p>\n<p>Los recursos estar\u00e1n destinados a la construcci\u00f3n del Parque Recreodeportivo de Alicante y al fortalecimiento de infraestructura deportiva en Montebello y Alicante. Las iniciativas impactar\u00e1n de manera directa a comunidades del norte y nororiente del municipio.<\/p>\n<p>El cr\u00e9dito fue estructurado con plazo de 10 a\u00f1os, incluye 3 a\u00f1os de per\u00edodo de gracia a capital, para viabilizar financieramente proyectos de alto impacto social.<\/p>\n<p>Ifinorte facilita la ejecuci\u00f3n de escenarios deportivos que beneficiar\u00e1n a habitantes de Montebello I, Montebello II, Pisarreal, Chaparral, Cordialidad, Alicante, La Sabana y 12 de Octubre. La Alcald\u00eda de Los Patios contempla el fortalecimiento del Centro de Discapacidad, iniciativa cofinanciada con la Gobernaci\u00f3n de Norte de Santander, con el prop\u00f3sito de mejorar la atenci\u00f3n y la calidad de vida de esa poblaci\u00f3n.<\/p>\n<p>El Instituto se consolida como banca de desarrollo territorial y como aliado estrat\u00e9gico de los municipios, y ofrece soluciones financieras responsables y sostenibles que permiten transformar iniciativas en obras concretas al servicio de la comunidad.<\/p>\n<p><strong>LUIS RETAVISCA &#8211; @GoberNorte<\/strong><\/p>\n","protected":false},"excerpt":{"rendered":"<p>LOS PATIOS \u2013 Norte de Santander. El Instituto Financiero para el Desarrollo de Norte de Santander (Ifinorte) firm\u00f3 un contrato de empr\u00e9stito por $ 2800 millones con la Alcald\u00eda de Los Patios. El convenio se tramit\u00f3 por medio de la l\u00ednea de Cr\u00e9dito de Fomento. De esta manera, reafirma el compromiso con la financiaci\u00f3n de &hellip;<\/p>\n","protected":false},"author":1,"featured_media":46722,"comment_status":"open","ping_status":"open","sticky":false,"template":"","format":"standard","meta":{"footnotes":""},"categories":[4,32],"tags":[1984,571],"class_list":["post-46721","post","type-post","status-publish","format-standard","has-post-thumbnail","hentry","category-barra","category-recorrido-por-la-region","tag-alcaldia-de-los-patios","tag-ifinorte"],"_links":{"self":[{"href":"https:\/\/contraluzcucuta.co\/index.php?rest_route=\/wp\/v2\/posts\/46721","targetHints":{"allow":["GET"]}}],"collection":[{"href":"https:\/\/contraluzcucuta.co\/index.php?rest_route=\/wp\/v2\/posts"}],"about":[{"href":"https:\/\/contraluzcucuta.co\/index.php?rest_route=\/wp\/v2\/types\/post"}],"author":[{"embeddable":true,"href":"https:\/\/contraluzcucuta.co\/index.php?rest_route=\/wp\/v2\/users\/1"}],"replies":[{"embeddable":true,"href":"https:\/\/contraluzcucuta.co\/index.php?rest_route=%2Fwp%2Fv2%2Fcomments&post=46721"}],"version-history":[{"count":1,"href":"https:\/\/contraluzcucuta.co\/index.php?rest_route=\/wp\/v2\/posts\/46721\/revisions"}],"predecessor-version":[{"id":46724,"href":"https:\/\/contraluzcucuta.co\/index.php?rest_route=\/wp\/v2\/posts\/46721\/revisions\/46724"}],"wp:featuredmedia":[{"embeddable":true,"href":"https:\/\/contraluzcucuta.co\/index.php?rest_route=\/wp\/v2\/media\/46722"}],"wp:attachment":[{"href":"https:\/\/contraluzcucuta.co\/index.php?rest_route=%2Fwp%2Fv2%2Fmedia&parent=46721"}],"wp:term":[{"taxonomy":"category","embeddable":true,"href":"https:\/\/contraluzcucuta.co\/index.php?rest_route=%2Fwp%2Fv2%2Fcategories&post=46721"},{"taxonomy":"post_tag","embeddable":true,"href":"https:\/\/contraluzcucuta.co\/index.php?rest_route=%2Fwp%2Fv2%2Ftags&post=46721"}],"curies":[{"name":"wp","href":"https:\/\/api.w.org\/{rel}","templated":true}]}}