{"id":46716,"date":"2026-02-20T04:34:10","date_gmt":"2026-02-20T09:34:10","guid":{"rendered":"https:\/\/contraluzcucuta.co\/?p=46716"},"modified":"2026-02-20T04:34:10","modified_gmt":"2026-02-20T09:34:10","slug":"marca-region-apuesta-estrategica-para-el-desarrollo-economico-y-turistico","status":"publish","type":"post","link":"https:\/\/contraluzcucuta.co\/?p=46716","title":{"rendered":"MARCA REGI\u00d3N. Apuesta estrat\u00e9gica para el desarrollo econ\u00f3mico y tur\u00edstico"},"content":{"rendered":"<p style=\"text-align: right;\"><strong>C\u00daCUTA.<\/strong><\/p>\n<p><strong><span style=\"color: #ff9900;\">En el pre\u00e1mbulo al lanzamiento oficial de la Marca Regi\u00f3n de Norte de Santander, el gobernador William Villamizar present\u00f3 el balance de los principales proyectos que impulsan la competitividad, el emprendimiento y el turismo en el departamento. El programa de gobierno departamental est\u00e1 enfocado en los pilares de paz, frontera y desarrollo econ\u00f3mico. En el \u00faltimo, se han sentado bases estructurales que permitir\u00e1n consolidar a Norte de Santander como territorio atractivo para la inversi\u00f3n y los negocios.<\/span><\/strong><\/p>\n<p>\u201cTodo este trabajo necesitaba una identidad, un sello que nos permita mostrar lo que somos y lo que producimos. Esa es la Marca Regi\u00f3n: la herramienta para que Norte de Santander sea reconocido nacional e internacionalmente\u201d.<\/p>\n<p><strong>Centro de Eventos, Exposiciones e Innovaci\u00f3n<\/strong><\/p>\n<p>La construcci\u00f3n alcanza el 60 % de ejecuci\u00f3n, en el barrio Sevilla. La infraestructura, que ocupar\u00e1 tres manzanas, contar\u00e1 con auditorio climatizado con capacidad para 1500 sillas, 500 parqueaderos, pabellones para ferias y exposiciones y espacios de cotrabajo, innovaci\u00f3n e investigaci\u00f3n.<\/p>\n<p><strong>Centro de Convenciones de la Frontera Virgilio Barco Vargas<\/strong><\/p>\n<p>Est\u00e1 en etapa de ajustes de dise\u00f1o para iniciar trabajos en los pr\u00f3ximos d\u00edas. La obra contar\u00e1 con auditorio para 1500 asistentes, parqueaderos, museo sobre la vida y obra del ex presidente nortesantandereano y \u00e1reas para eventos nacionales e internacionales.<\/p>\n<p><strong>Zona Franca de C\u00facuta<\/strong><\/p>\n<p>El ministerio de Comercio aprob\u00f3 el plan de expansi\u00f3n de la Zona Franca con r\u00e9gimen franco por 30 a\u00f1os. La inversi\u00f3n proyectada asciende a $ 50.000 millones. $ 10.000 millones ser\u00e1n aportados por la Gobernaci\u00f3n y $ 40.000 millones por el desarrollador inmobiliario autorizado.<\/p>\n<p>Actualmente, est\u00e1n en ejecuci\u00f3n $ 5000 millones por parte del departamento, con el compromiso de completar el resto en los pr\u00f3ximos dos a\u00f1os.<\/p>\n<p><strong>Misiones internacionales y promoci\u00f3n tur\u00edstica<\/strong><\/p>\n<p>El Gobernador resalt\u00f3 el acompa\u00f1amiento a los gremios productivos mediante misiones internacionales organizadas junto a la C\u00e1mara de Comercio, la Alcald\u00eda de C\u00facuta y ProColombia, que han permitido a empresarios conocer nuevas tecnolog\u00edas, mercados e insumos para fortalecer la competitividad.<\/p>\n<p>Confirm\u00f3 la participaci\u00f3n del departamento en la Vitrina Tur\u00edstica de Asociaci\u00f3n Colombiana de Agencias de Viajes y Turismo (ANATO) en Bogot\u00e1.<\/p>\n<p><strong>Marca Regi\u00f3n: identidad y posicionamiento<\/strong><\/p>\n<p>La Marca Regi\u00f3n fue construida con recursos de regal\u00edas y desarrollada en equipo con la C\u00e1mara de Comercio. El proceso incluy\u00f3 diagn\u00f3stico, talleres participativos con empresarios, sector hotelero y actores tur\u00edsticos, dise\u00f1o conceptual y ahora el lanzamiento oficial.<\/p>\n<p>\u201cQueremos que lo que se haga en Norte de Santander tenga ese sello que nos identifique y que promocione nuestros productos, nuestros gremios y nuestra riqueza tur\u00edstica\u201d, concluy\u00f3 el gobernador.<\/p>\n<p><strong>LUIS TOB\u00d3N &#8211; @GoberNorte<\/strong><\/p>\n","protected":false},"excerpt":{"rendered":"<p>C\u00daCUTA. En el pre\u00e1mbulo al lanzamiento oficial de la Marca Regi\u00f3n de Norte de Santander, el gobernador William Villamizar present\u00f3 el balance de los principales proyectos que impulsan la competitividad, el emprendimiento y el turismo en el departamento. El programa de gobierno departamental est\u00e1 enfocado en los pilares de paz, frontera y desarrollo econ\u00f3mico. En &hellip;<\/p>\n","protected":false},"author":1,"featured_media":0,"comment_status":"open","ping_status":"open","sticky":false,"template":"","format":"standard","meta":{"footnotes":""},"categories":[4,6],"tags":[7080,2755,1847,2800,7522,369,1533],"class_list":["post-46716","post","type-post","status-publish","format-standard","hentry","category-barra","category-ojo-avizor","tag-centro-de-convenciones-de-la-frontera","tag-competitividad-en-norte-de-santander","tag-emprendimiento","tag-gobernador-william-villamizar","tag-marca-region-de-norte-de-santander","tag-turismo","tag-zona-franca-de-cucuta"],"_links":{"self":[{"href":"https:\/\/contraluzcucuta.co\/index.php?rest_route=\/wp\/v2\/posts\/46716","targetHints":{"allow":["GET"]}}],"collection":[{"href":"https:\/\/contraluzcucuta.co\/index.php?rest_route=\/wp\/v2\/posts"}],"about":[{"href":"https:\/\/contraluzcucuta.co\/index.php?rest_route=\/wp\/v2\/types\/post"}],"author":[{"embeddable":true,"href":"https:\/\/contraluzcucuta.co\/index.php?rest_route=\/wp\/v2\/users\/1"}],"replies":[{"embeddable":true,"href":"https:\/\/contraluzcucuta.co\/index.php?rest_route=%2Fwp%2Fv2%2Fcomments&post=46716"}],"version-history":[{"count":1,"href":"https:\/\/contraluzcucuta.co\/index.php?rest_route=\/wp\/v2\/posts\/46716\/revisions"}],"predecessor-version":[{"id":46717,"href":"https:\/\/contraluzcucuta.co\/index.php?rest_route=\/wp\/v2\/posts\/46716\/revisions\/46717"}],"wp:attachment":[{"href":"https:\/\/contraluzcucuta.co\/index.php?rest_route=%2Fwp%2Fv2%2Fmedia&parent=46716"}],"wp:term":[{"taxonomy":"category","embeddable":true,"href":"https:\/\/contraluzcucuta.co\/index.php?rest_route=%2Fwp%2Fv2%2Fcategories&post=46716"},{"taxonomy":"post_tag","embeddable":true,"href":"https:\/\/contraluzcucuta.co\/index.php?rest_route=%2Fwp%2Fv2%2Ftags&post=46716"}],"curies":[{"name":"wp","href":"https:\/\/api.w.org\/{rel}","templated":true}]}}