{"id":46678,"date":"2026-02-16T16:07:58","date_gmt":"2026-02-16T21:07:58","guid":{"rendered":"https:\/\/contraluzcucuta.co\/?p=46678"},"modified":"2026-02-16T16:08:15","modified_gmt":"2026-02-16T21:08:15","slug":"promocion-del-reciclaje-alcaldia-de-cucuta-y-arenorte-comienzan-recorrido-ambiental","status":"publish","type":"post","link":"https:\/\/contraluzcucuta.co\/?p=46678","title":{"rendered":"PROMOCI\u00d3N DEL RECICLAJE. Alcald\u00eda de C\u00facuta y Arenorte comienzan recorrido ambiental"},"content":{"rendered":"<p style=\"text-align: right;\"><strong>C\u00daCUTA.<\/strong><\/p>\n<p><strong><span style=\"color: #ff9900;\">La secretar\u00eda de Planeaci\u00f3n y la Asociaci\u00f3n de Recicladores de Norte de Santander (Arenorte) dieron inicio oficial a las jornadas de sensibilizaci\u00f3n sobre el manejo integral de residuos s\u00f3lidos y separaci\u00f3n en la fuente. El objetivo es transformar los h\u00e1bitos ciudadanos respecto a la disposici\u00f3n de desechos y fortalecer la cultura del reciclaje en la capital nortesantandereana.<\/span><\/strong><\/p>\n<p><a href=\"https:\/\/contraluzcucuta.co\/wp-content\/uploads\/2026\/02\/RECICLADORES-2.jpg\"><img loading=\"lazy\" decoding=\"async\" class=\"alignnone wp-image-46681 alignright\" src=\"https:\/\/contraluzcucuta.co\/wp-content\/uploads\/2026\/02\/RECICLADORES-2-300x176.jpg\" alt=\"\" width=\"249\" height=\"146\" srcset=\"https:\/\/contraluzcucuta.co\/wp-content\/uploads\/2026\/02\/RECICLADORES-2-300x176.jpg 300w, https:\/\/contraluzcucuta.co\/wp-content\/uploads\/2026\/02\/RECICLADORES-2-1024x600.jpg 1024w, https:\/\/contraluzcucuta.co\/wp-content\/uploads\/2026\/02\/RECICLADORES-2-768x450.jpg 768w, https:\/\/contraluzcucuta.co\/wp-content\/uploads\/2026\/02\/RECICLADORES-2-600x351.jpg 600w, https:\/\/contraluzcucuta.co\/wp-content\/uploads\/2026\/02\/RECICLADORES-2.jpg 1417w\" sizes=\"auto, (max-width: 249px) 100vw, 249px\" \/><\/a><\/p>\n<p>Las jornadas se desarrollar\u00e1n bajo la metodolog\u00eda de visitas domiciliarias, que permitir\u00e1n el contacto directo con los ciudadanos. Expertos y recicladores de oficio recorrer\u00e1n 50 barrios para brindar herramientas pr\u00e1cticas para identificar los residuos aprovechables y la manera correcta de entregarlos.<\/p>\n<p>Entre los sectores priorizados en este despliegue se encuentran Comuneros, Claret, Nuevo Horizonte, El Rodeo, San Rafael, Carora y Cuberos Ni\u00f1o, entre otros.<\/p>\n<p>\u201cEs importante que los habitantes adopten h\u00e1bitos responsables que permitan disminuir el impacto ambiental, iniciando desde los hogares procesos de separaci\u00f3n y reciclaje de residuos que contribuyan al cuidado del entorno y al mantenimiento de una ciudad m\u00e1s limpia\u201d, dijo Michel Medina, jefe de la Oficina de Gesti\u00f3n y Supervisi\u00f3n de Servicios P\u00fablicos Domiciliarios de la Secretar\u00eda de Planeaci\u00f3n.<\/p>\n<p>Las jornadas representan un paso fundamental para fortalecer la cultura ambiental ciudadana y avanzar en el prop\u00f3sito de consolidar a C\u00facuta como referente regional en sostenibilidad ambiental.<\/p>\n<p>El objetivo central de la campa\u00f1a es reducir la carga de residuos que llega al relleno sanitario y dignificar la labor del reciclador de oficio. Las actividades pedag\u00f3gicas se extender\u00e1n hasta el 17 de abril, para cubrir la mayor cantidad de hogares.<\/p>\n","protected":false},"excerpt":{"rendered":"<p>C\u00daCUTA. La secretar\u00eda de Planeaci\u00f3n y la Asociaci\u00f3n de Recicladores de Norte de Santander (Arenorte) dieron inicio oficial a las jornadas de sensibilizaci\u00f3n sobre el manejo integral de residuos s\u00f3lidos y separaci\u00f3n en la fuente. El objetivo es transformar los h\u00e1bitos ciudadanos respecto a la disposici\u00f3n de desechos y fortalecer la cultura del reciclaje en &hellip;<\/p>\n","protected":false},"author":1,"featured_media":46680,"comment_status":"open","ping_status":"open","sticky":false,"template":"","format":"standard","meta":{"footnotes":""},"categories":[4,36],"tags":[6593,7515,6354],"class_list":["post-46678","post","type-post","status-publish","format-standard","has-post-thumbnail","hentry","category-barra","category-la-voz-del-pueblo","tag-arenorte","tag-asociacion-de-recicladores","tag-secretaria-de-planeacion"],"_links":{"self":[{"href":"https:\/\/contraluzcucuta.co\/index.php?rest_route=\/wp\/v2\/posts\/46678","targetHints":{"allow":["GET"]}}],"collection":[{"href":"https:\/\/contraluzcucuta.co\/index.php?rest_route=\/wp\/v2\/posts"}],"about":[{"href":"https:\/\/contraluzcucuta.co\/index.php?rest_route=\/wp\/v2\/types\/post"}],"author":[{"embeddable":true,"href":"https:\/\/contraluzcucuta.co\/index.php?rest_route=\/wp\/v2\/users\/1"}],"replies":[{"embeddable":true,"href":"https:\/\/contraluzcucuta.co\/index.php?rest_route=%2Fwp%2Fv2%2Fcomments&post=46678"}],"version-history":[{"count":1,"href":"https:\/\/contraluzcucuta.co\/index.php?rest_route=\/wp\/v2\/posts\/46678\/revisions"}],"predecessor-version":[{"id":46682,"href":"https:\/\/contraluzcucuta.co\/index.php?rest_route=\/wp\/v2\/posts\/46678\/revisions\/46682"}],"wp:featuredmedia":[{"embeddable":true,"href":"https:\/\/contraluzcucuta.co\/index.php?rest_route=\/wp\/v2\/media\/46680"}],"wp:attachment":[{"href":"https:\/\/contraluzcucuta.co\/index.php?rest_route=%2Fwp%2Fv2%2Fmedia&parent=46678"}],"wp:term":[{"taxonomy":"category","embeddable":true,"href":"https:\/\/contraluzcucuta.co\/index.php?rest_route=%2Fwp%2Fv2%2Fcategories&post=46678"},{"taxonomy":"post_tag","embeddable":true,"href":"https:\/\/contraluzcucuta.co\/index.php?rest_route=%2Fwp%2Fv2%2Ftags&post=46678"}],"curies":[{"name":"wp","href":"https:\/\/api.w.org\/{rel}","templated":true}]}}