{"id":46639,"date":"2026-02-13T12:53:39","date_gmt":"2026-02-13T17:53:39","guid":{"rendered":"https:\/\/contraluzcucuta.co\/?p=46639"},"modified":"2026-02-13T12:53:39","modified_gmt":"2026-02-13T17:53:39","slug":"cultura-municipal-consejeros-ejerceran-la-representacion-en-el-periodo-2026-2028","status":"publish","type":"post","link":"https:\/\/contraluzcucuta.co\/?p=46639","title":{"rendered":"CULTURA MUNICIPAL. Consejeros ejercer\u00e1n la representaci\u00f3n en el per\u00edodo 2026\u20132028"},"content":{"rendered":"<p style=\"text-align: right;\"><strong>C\u00daCUTA.<\/strong><\/p>\n<p><strong><span style=\"color: #ff9900;\">La administraci\u00f3n municipal complet\u00f3 la conformaci\u00f3n del Consejo Municipal de Cultura, luego de la elecci\u00f3n del representante del sector de organizaciones culturales no gubernamentales. El consejero elegido es Jes\u00fas David Ortega Escobar, quien se suma a los representantes de las dem\u00e1s \u00e1reas que integran esta instancia de participaci\u00f3n cultural en el municipio.<\/span><\/strong><\/p>\n<p><a href=\"https:\/\/contraluzcucuta.co\/wp-content\/uploads\/2026\/02\/CONSEJO-DE-CULTURA-MUNICIPAL-2.jpeg\"><img loading=\"lazy\" decoding=\"async\" class=\"alignnone  wp-image-46641 alignleft\" src=\"https:\/\/contraluzcucuta.co\/wp-content\/uploads\/2026\/02\/CONSEJO-DE-CULTURA-MUNICIPAL-2-300x225.jpeg\" alt=\"\" width=\"247\" height=\"185\" srcset=\"https:\/\/contraluzcucuta.co\/wp-content\/uploads\/2026\/02\/CONSEJO-DE-CULTURA-MUNICIPAL-2-300x225.jpeg 300w, https:\/\/contraluzcucuta.co\/wp-content\/uploads\/2026\/02\/CONSEJO-DE-CULTURA-MUNICIPAL-2-1024x768.jpeg 1024w, https:\/\/contraluzcucuta.co\/wp-content\/uploads\/2026\/02\/CONSEJO-DE-CULTURA-MUNICIPAL-2-768x576.jpeg 768w, https:\/\/contraluzcucuta.co\/wp-content\/uploads\/2026\/02\/CONSEJO-DE-CULTURA-MUNICIPAL-2-600x450.jpeg 600w, https:\/\/contraluzcucuta.co\/wp-content\/uploads\/2026\/02\/CONSEJO-DE-CULTURA-MUNICIPAL-2.jpeg 1280w\" sizes=\"auto, (max-width: 247px) 100vw, 247px\" \/><\/a><\/p>\n<p>Durante el proceso se surtieron las etapas de convocatoria, inscripci\u00f3n, socializaci\u00f3n y votaci\u00f3n, conforme a lo establecido en la Resoluci\u00f3n 001 del 19 de enero de 2026, y se garantiz\u00f3 el ejercicio participativo y transparente.<\/p>\n<p>\u201cEl proceso fue transparente. Espero hacer lo mejor desde mi rol como consejero, representando a las organizaciones culturales y aportando al fortalecimiento del sector\u201d, expres\u00f3 el nuevo consejero.<\/p>\n<p>La votaci\u00f3n fue acompa\u00f1ada por Leidy Pinilla, de la Personer\u00eda de C\u00facuta, para garantizar la transparencia del proceso y que se desarrollara de la mejor manera para los participantes.<\/p>\n<p>Las comunidades afrodescendientes definieron la representaci\u00f3n mediante sus mecanismos de participaci\u00f3n. Eligieron a Severiano Granja, quien har\u00e1 parte del Consejo Municipal de Cultura.<\/p>\n<p>La secretar\u00eda de Cultura y Patrimonio destac\u00f3 el cumplimiento del proceso y la participaci\u00f3n de los sectores convocados, lo que permiti\u00f3 completar la conformaci\u00f3n de este espacio de representaci\u00f3n cultural del municipio.<\/p>\n<p>\u201cEste ha sido un proceso participativo, con garant\u00edas y acompa\u00f1amiento institucional, que nos permite fortalecer el di\u00e1logo con el sector cultural de la ciudad\u201d, se\u00f1al\u00f3 la secretaria de Cultura y Patrimonio, Maribel Garc\u00eda Quiroga.<\/p>\n<p>Los consejeros ejercer\u00e1n la representaci\u00f3n en el per\u00edodo 2026\u20132028, aportando al fortalecimiento de la participaci\u00f3n ciudadana y a la construcci\u00f3n de la pol\u00edtica cultural del municipio.<\/p>\n","protected":false},"excerpt":{"rendered":"<p>C\u00daCUTA. La administraci\u00f3n municipal complet\u00f3 la conformaci\u00f3n del Consejo Municipal de Cultura, luego de la elecci\u00f3n del representante del sector de organizaciones culturales no gubernamentales. El consejero elegido es Jes\u00fas David Ortega Escobar, quien se suma a los representantes de las dem\u00e1s \u00e1reas que integran esta instancia de participaci\u00f3n cultural en el municipio. Durante el &hellip;<\/p>\n","protected":false},"author":1,"featured_media":46640,"comment_status":"open","ping_status":"open","sticky":false,"template":"","format":"standard","meta":{"footnotes":""},"categories":[4,37],"tags":[3837,2778,6981,2887],"class_list":["post-46639","post","type-post","status-publish","format-standard","has-post-thumbnail","hentry","category-barra","category-paseo-cultural","tag-administracion-municipal","tag-consejo-municipal-de-cultura","tag-organizaciones-culturales","tag-personeria-de-cucuta"],"_links":{"self":[{"href":"https:\/\/contraluzcucuta.co\/index.php?rest_route=\/wp\/v2\/posts\/46639","targetHints":{"allow":["GET"]}}],"collection":[{"href":"https:\/\/contraluzcucuta.co\/index.php?rest_route=\/wp\/v2\/posts"}],"about":[{"href":"https:\/\/contraluzcucuta.co\/index.php?rest_route=\/wp\/v2\/types\/post"}],"author":[{"embeddable":true,"href":"https:\/\/contraluzcucuta.co\/index.php?rest_route=\/wp\/v2\/users\/1"}],"replies":[{"embeddable":true,"href":"https:\/\/contraluzcucuta.co\/index.php?rest_route=%2Fwp%2Fv2%2Fcomments&post=46639"}],"version-history":[{"count":1,"href":"https:\/\/contraluzcucuta.co\/index.php?rest_route=\/wp\/v2\/posts\/46639\/revisions"}],"predecessor-version":[{"id":46642,"href":"https:\/\/contraluzcucuta.co\/index.php?rest_route=\/wp\/v2\/posts\/46639\/revisions\/46642"}],"wp:featuredmedia":[{"embeddable":true,"href":"https:\/\/contraluzcucuta.co\/index.php?rest_route=\/wp\/v2\/media\/46640"}],"wp:attachment":[{"href":"https:\/\/contraluzcucuta.co\/index.php?rest_route=%2Fwp%2Fv2%2Fmedia&parent=46639"}],"wp:term":[{"taxonomy":"category","embeddable":true,"href":"https:\/\/contraluzcucuta.co\/index.php?rest_route=%2Fwp%2Fv2%2Fcategories&post=46639"},{"taxonomy":"post_tag","embeddable":true,"href":"https:\/\/contraluzcucuta.co\/index.php?rest_route=%2Fwp%2Fv2%2Ftags&post=46639"}],"curies":[{"name":"wp","href":"https:\/\/api.w.org\/{rel}","templated":true}]}}