{"id":46630,"date":"2026-02-12T13:19:52","date_gmt":"2026-02-12T18:19:52","guid":{"rendered":"https:\/\/contraluzcucuta.co\/?p=46630"},"modified":"2026-02-12T13:19:52","modified_gmt":"2026-02-12T18:19:52","slug":"vacuna-contra-el-dengue-cucuta-no-presenta-alarma-epidemiologica","status":"publish","type":"post","link":"https:\/\/contraluzcucuta.co\/?p=46630","title":{"rendered":"VACUNA CONTRA EL DENGUE. C\u00facuta no presenta alarma epidemiol\u00f3gica"},"content":{"rendered":"<p style=\"text-align: right;\"><strong>C\u00daCUTA.<\/strong><\/p>\n<p><strong><span style=\"color: #ff9900;\">La secretar\u00eda de Salud comenz\u00f3 el proceso de introducci\u00f3n escalonada de la vacuna contra el dengue. La estrategia preventiva est\u00e1 orientada a fortalecer la salud p\u00fablica y a proteger, especialmente, a la poblaci\u00f3n infantil.<\/span><\/strong><\/p>\n<p><a href=\"https:\/\/contraluzcucuta.co\/wp-content\/uploads\/2026\/02\/DENGUE-VACUNA-2.jpeg\"><img loading=\"lazy\" decoding=\"async\" class=\"alignnone  wp-image-46632 alignright\" src=\"https:\/\/contraluzcucuta.co\/wp-content\/uploads\/2026\/02\/DENGUE-VACUNA-2-300x225.jpeg\" alt=\"\" width=\"255\" height=\"191\" srcset=\"https:\/\/contraluzcucuta.co\/wp-content\/uploads\/2026\/02\/DENGUE-VACUNA-2-300x225.jpeg 300w, https:\/\/contraluzcucuta.co\/wp-content\/uploads\/2026\/02\/DENGUE-VACUNA-2-1024x768.jpeg 1024w, https:\/\/contraluzcucuta.co\/wp-content\/uploads\/2026\/02\/DENGUE-VACUNA-2-768x576.jpeg 768w, https:\/\/contraluzcucuta.co\/wp-content\/uploads\/2026\/02\/DENGUE-VACUNA-2-1536x1152.jpeg 1536w, https:\/\/contraluzcucuta.co\/wp-content\/uploads\/2026\/02\/DENGUE-VACUNA-2-2048x1536.jpeg 2048w, https:\/\/contraluzcucuta.co\/wp-content\/uploads\/2026\/02\/DENGUE-VACUNA-2-600x450.jpeg 600w\" sizes=\"auto, (max-width: 255px) 100vw, 255px\" \/><\/a><\/p>\n<p>De acuerdo con los lineamientos del Ministerio de Salud y Protecci\u00f3n Social, y tras el an\u00e1lisis epidemiol\u00f3gico, C\u00facuta fue priorizada junto con 17 municipios del pa\u00eds, para la introducci\u00f3n de esta vacuna. Las jornadas comenzar\u00e1n el 14 de febrero.<\/p>\n<p>El alcalde Jorge Acevedo dijo que la salud de los cucute\u00f1os es prioridad para la administraci\u00f3n municipal y envi\u00f3 un mensaje de calma y confianza a la comunidad. \u201cEn nuestra ciudad se han presentado casos de dengue, como ocurre en diferentes regiones del pa\u00eds; sin embargo, es importante aclarar que en este momento C\u00facuta no presenta una alarma epidemiol\u00f3gica\u201d.<\/p>\n<p>la secretaria de Salud, Ta\u00edz del Pilar Ortega, explic\u00f3 que el dengue es una enfermedad viral transmitida por la picadura de los mosquitos Aedes Aegypti y Aedes Albopictus. Estos vectores representan riesgo para la salud p\u00fablica mundial.<\/p>\n<p>\u201cLa vacunaci\u00f3n se har\u00e1 de manera progresiva y organizada, dirigida a ni\u00f1os escolarizados en grado cuarto de primaria y con 9 a\u00f1os cumplidos, que son los vulnerables frente a esta enfermedad\u201d, dijo Ortega. La estrategia se complementa con acciones permanentes de control del vector, vigilancia epidemiol\u00f3gica y educaci\u00f3n a la comunidad.<\/p>\n<p>Desde el despacho de salud se mantienen acciones de prevenci\u00f3n, control y promoci\u00f3n de la salud. Se reiter\u00f3 el llamado a la ciudadan\u00eda a:<\/p>\n<ul>\n<li>Eliminar criaderos de mosquitos<\/li>\n<li>Usar protecci\u00f3n personal<\/li>\n<li>Consulta oportuna a los servicios de salud ante cualquier s\u00edntoma<\/li>\n<li>No automedicarse.<\/li>\n<\/ul>\n","protected":false},"excerpt":{"rendered":"<p>C\u00daCUTA. La secretar\u00eda de Salud comenz\u00f3 el proceso de introducci\u00f3n escalonada de la vacuna contra el dengue. La estrategia preventiva est\u00e1 orientada a fortalecer la salud p\u00fablica y a proteger, especialmente, a la poblaci\u00f3n infantil. De acuerdo con los lineamientos del Ministerio de Salud y Protecci\u00f3n Social, y tras el an\u00e1lisis epidemiol\u00f3gico, C\u00facuta fue priorizada &hellip;<\/p>\n","protected":false},"author":1,"featured_media":46631,"comment_status":"open","ping_status":"open","sticky":false,"template":"","format":"standard","meta":{"footnotes":""},"categories":[45,4],"tags":[5950,7503,1565,7502],"class_list":["post-46630","post","type-post","status-publish","format-standard","has-post-thumbnail","hentry","category-destacado","category-barra","tag-alcalde-jorge-acevedo","tag-analisis-epidemiologico","tag-secretaria-de-salud-de-cucuta","tag-vacuna-contra-el-dengue"],"_links":{"self":[{"href":"https:\/\/contraluzcucuta.co\/index.php?rest_route=\/wp\/v2\/posts\/46630","targetHints":{"allow":["GET"]}}],"collection":[{"href":"https:\/\/contraluzcucuta.co\/index.php?rest_route=\/wp\/v2\/posts"}],"about":[{"href":"https:\/\/contraluzcucuta.co\/index.php?rest_route=\/wp\/v2\/types\/post"}],"author":[{"embeddable":true,"href":"https:\/\/contraluzcucuta.co\/index.php?rest_route=\/wp\/v2\/users\/1"}],"replies":[{"embeddable":true,"href":"https:\/\/contraluzcucuta.co\/index.php?rest_route=%2Fwp%2Fv2%2Fcomments&post=46630"}],"version-history":[{"count":1,"href":"https:\/\/contraluzcucuta.co\/index.php?rest_route=\/wp\/v2\/posts\/46630\/revisions"}],"predecessor-version":[{"id":46633,"href":"https:\/\/contraluzcucuta.co\/index.php?rest_route=\/wp\/v2\/posts\/46630\/revisions\/46633"}],"wp:featuredmedia":[{"embeddable":true,"href":"https:\/\/contraluzcucuta.co\/index.php?rest_route=\/wp\/v2\/media\/46631"}],"wp:attachment":[{"href":"https:\/\/contraluzcucuta.co\/index.php?rest_route=%2Fwp%2Fv2%2Fmedia&parent=46630"}],"wp:term":[{"taxonomy":"category","embeddable":true,"href":"https:\/\/contraluzcucuta.co\/index.php?rest_route=%2Fwp%2Fv2%2Fcategories&post=46630"},{"taxonomy":"post_tag","embeddable":true,"href":"https:\/\/contraluzcucuta.co\/index.php?rest_route=%2Fwp%2Fv2%2Ftags&post=46630"}],"curies":[{"name":"wp","href":"https:\/\/api.w.org\/{rel}","templated":true}]}}