{"id":46625,"date":"2026-02-12T12:54:36","date_gmt":"2026-02-12T17:54:36","guid":{"rendered":"https:\/\/contraluzcucuta.co\/?p=46625"},"modified":"2026-02-12T12:54:36","modified_gmt":"2026-02-12T17:54:36","slug":"rutas-historicas-una-cita-para-descubrir-el-pasado-de-manera-diferente","status":"publish","type":"post","link":"https:\/\/contraluzcucuta.co\/?p=46625","title":{"rendered":"RUTAS HIST\u00d3RICAS. Una cita para descubrir el pasado de manera diferente"},"content":{"rendered":"<p style=\"text-align: right;\"><strong>C\u00daCUTA.<\/strong><\/p>\n<p><strong><span style=\"color: #ff9900;\">Las Rutas Hist\u00f3ricas por Norte de Santander regresan al \u00e1mbito cultural cucute\u00f1o. Las jornadas, organizadas por la secretar\u00eda de Turismo Departamental, promueven el reconocimiento y la apropiaci\u00f3n del patrimonio hist\u00f3rico y cultural nortesantandereano. Ofrecen una cita con la historia para descubrir el pasado de manera diferente.<\/span><\/strong><\/p>\n<p>El punto de encuentro ser\u00e1 la Biblioteca Julio P\u00e9rez Ferrero (barrio La Playa). Durante el recorrido, los participantes visitar\u00e1n espacios emblem\u00e1ticos que encierran el valioso legado hist\u00f3rico y cultural de la regi\u00f3n.<\/p>\n<figure id=\"attachment_46628\" aria-describedby=\"caption-attachment-46628\" style=\"width: 300px\" class=\"wp-caption alignleft\"><a href=\"https:\/\/contraluzcucuta.co\/wp-content\/uploads\/2026\/02\/RUTAS-HISTORICAS-2.jpeg\"><img loading=\"lazy\" decoding=\"async\" class=\"size-medium wp-image-46628\" src=\"https:\/\/contraluzcucuta.co\/wp-content\/uploads\/2026\/02\/RUTAS-HISTORICAS-2-300x172.jpeg\" alt=\"\" width=\"300\" height=\"172\" srcset=\"https:\/\/contraluzcucuta.co\/wp-content\/uploads\/2026\/02\/RUTAS-HISTORICAS-2-300x172.jpeg 300w, https:\/\/contraluzcucuta.co\/wp-content\/uploads\/2026\/02\/RUTAS-HISTORICAS-2-1024x587.jpeg 1024w, https:\/\/contraluzcucuta.co\/wp-content\/uploads\/2026\/02\/RUTAS-HISTORICAS-2-768x440.jpeg 768w, https:\/\/contraluzcucuta.co\/wp-content\/uploads\/2026\/02\/RUTAS-HISTORICAS-2-1536x881.jpeg 1536w, https:\/\/contraluzcucuta.co\/wp-content\/uploads\/2026\/02\/RUTAS-HISTORICAS-2-600x344.jpeg 600w, https:\/\/contraluzcucuta.co\/wp-content\/uploads\/2026\/02\/RUTAS-HISTORICAS-2.jpeg 2048w\" sizes=\"auto, (max-width: 300px) 100vw, 300px\" \/><\/a><figcaption id=\"caption-attachment-46628\" class=\"wp-caption-text\"><em>Foto: MDNS &#8211; Facebook<\/em><\/figcaption><\/figure>\n<p>Entre los lugares se encuentran:<\/p>\n<ul>\n<li>Biblioteca Julio P\u00e9rez Ferrero<\/li>\n<li>Parque La Victoria<\/li>\n<li>Edificio Torre del Reloj<\/li>\n<li>Centro Cultural Quinta Teresa<\/li>\n<li>Monumento a Cristo Rey<\/li>\n<li>Museo al Deportista Nortesantandereano<\/li>\n<\/ul>\n<p>Esta experiencia ser\u00e1 orientada mediante un lenguaje cercano y pedag\u00f3gico, que promueva la participaci\u00f3n de los asistentes y reafirme que la historia se construye entre todos.<\/p>\n<p>La actividad cuenta con acompa\u00f1amiento de la Polic\u00eda de Turismo para garantizar seguridad y organizaci\u00f3n durante el desarrollo de la ruta.<\/p>\n<p>Esta es una oferta institucional de la Gobernaci\u00f3n de Norte de Santander, que invit\u00f3 a la comunidad a sumarse, cada jueves, y reconocer el pasado de otra manera.<\/p>\n<p><strong>PAULA SANABRIA &#8211; @GoberNorte<\/strong><\/p>\n","protected":false},"excerpt":{"rendered":"<p>C\u00daCUTA. Las Rutas Hist\u00f3ricas por Norte de Santander regresan al \u00e1mbito cultural cucute\u00f1o. Las jornadas, organizadas por la secretar\u00eda de Turismo Departamental, promueven el reconocimiento y la apropiaci\u00f3n del patrimonio hist\u00f3rico y cultural nortesantandereano. Ofrecen una cita con la historia para descubrir el pasado de manera diferente. El punto de encuentro ser\u00e1 la Biblioteca Julio &hellip;<\/p>\n","protected":false},"author":1,"featured_media":46626,"comment_status":"open","ping_status":"open","sticky":false,"template":"","format":"standard","meta":{"footnotes":""},"categories":[4,37],"tags":[6926,2658,6782,7501],"class_list":["post-46625","post","type-post","status-publish","format-standard","has-post-thumbnail","hentry","category-barra","category-paseo-cultural","tag-gobernorte","tag-patrimonio-historico","tag-rutas-historicas-de-cucuta","tag-secretaria-de-turismo-departamental"],"_links":{"self":[{"href":"https:\/\/contraluzcucuta.co\/index.php?rest_route=\/wp\/v2\/posts\/46625","targetHints":{"allow":["GET"]}}],"collection":[{"href":"https:\/\/contraluzcucuta.co\/index.php?rest_route=\/wp\/v2\/posts"}],"about":[{"href":"https:\/\/contraluzcucuta.co\/index.php?rest_route=\/wp\/v2\/types\/post"}],"author":[{"embeddable":true,"href":"https:\/\/contraluzcucuta.co\/index.php?rest_route=\/wp\/v2\/users\/1"}],"replies":[{"embeddable":true,"href":"https:\/\/contraluzcucuta.co\/index.php?rest_route=%2Fwp%2Fv2%2Fcomments&post=46625"}],"version-history":[{"count":1,"href":"https:\/\/contraluzcucuta.co\/index.php?rest_route=\/wp\/v2\/posts\/46625\/revisions"}],"predecessor-version":[{"id":46629,"href":"https:\/\/contraluzcucuta.co\/index.php?rest_route=\/wp\/v2\/posts\/46625\/revisions\/46629"}],"wp:featuredmedia":[{"embeddable":true,"href":"https:\/\/contraluzcucuta.co\/index.php?rest_route=\/wp\/v2\/media\/46626"}],"wp:attachment":[{"href":"https:\/\/contraluzcucuta.co\/index.php?rest_route=%2Fwp%2Fv2%2Fmedia&parent=46625"}],"wp:term":[{"taxonomy":"category","embeddable":true,"href":"https:\/\/contraluzcucuta.co\/index.php?rest_route=%2Fwp%2Fv2%2Fcategories&post=46625"},{"taxonomy":"post_tag","embeddable":true,"href":"https:\/\/contraluzcucuta.co\/index.php?rest_route=%2Fwp%2Fv2%2Ftags&post=46625"}],"curies":[{"name":"wp","href":"https:\/\/api.w.org\/{rel}","templated":true}]}}