{"id":46576,"date":"2026-02-08T10:53:10","date_gmt":"2026-02-08T15:53:10","guid":{"rendered":"https:\/\/contraluzcucuta.co\/?p=46576"},"modified":"2026-02-08T10:53:10","modified_gmt":"2026-02-08T15:53:10","slug":"barrio-gaitan-construccion-de-alcantarillas-de-cajon-fortalece-estabilidad-vial","status":"publish","type":"post","link":"https:\/\/contraluzcucuta.co\/?p=46576","title":{"rendered":"BARRIO GAIT\u00c1N. Construcci\u00f3n de alcantarillas de caj\u00f3n fortalece estabilidad vial"},"content":{"rendered":"<p style=\"text-align: right;\"><strong>C\u00daCUTA<\/strong><\/p>\n<p><strong><span style=\"color: #ff9900;\">La secretar\u00eda de Infraestructura inform\u00f3 sobre el avance de la obra que se ejecuta en el barrio Gait\u00e1n, para aliviar afectaciones en la movilidad y en la estabilidad de la v\u00eda. El secretario Germ\u00e1n Ch\u00e1vez explic\u00f3 que el problema se origin\u00f3 por una excavaci\u00f3n que oblig\u00f3 a la interrupci\u00f3n del tr\u00e1fico vehicular por motivos de seguridad.<\/span><\/strong><\/p>\n<p><a href=\"https:\/\/contraluzcucuta.co\/wp-content\/uploads\/2026\/02\/BARRIO-GAITAN-OBRAS-2.jpeg\"><img loading=\"lazy\" decoding=\"async\" class=\"alignnone  wp-image-46578 alignright\" src=\"https:\/\/contraluzcucuta.co\/wp-content\/uploads\/2026\/02\/BARRIO-GAITAN-OBRAS-2-300x225.jpeg\" alt=\"\" width=\"251\" height=\"188\" srcset=\"https:\/\/contraluzcucuta.co\/wp-content\/uploads\/2026\/02\/BARRIO-GAITAN-OBRAS-2-300x225.jpeg 300w, https:\/\/contraluzcucuta.co\/wp-content\/uploads\/2026\/02\/BARRIO-GAITAN-OBRAS-2-1024x768.jpeg 1024w, https:\/\/contraluzcucuta.co\/wp-content\/uploads\/2026\/02\/BARRIO-GAITAN-OBRAS-2-768x576.jpeg 768w, https:\/\/contraluzcucuta.co\/wp-content\/uploads\/2026\/02\/BARRIO-GAITAN-OBRAS-2-1536x1152.jpeg 1536w, https:\/\/contraluzcucuta.co\/wp-content\/uploads\/2026\/02\/BARRIO-GAITAN-OBRAS-2-600x450.jpeg 600w, https:\/\/contraluzcucuta.co\/wp-content\/uploads\/2026\/02\/BARRIO-GAITAN-OBRAS-2.jpeg 1600w\" sizes=\"auto, (max-width: 251px) 100vw, 251px\" \/><\/a><\/p>\n<p>\u201cEsta situaci\u00f3n ven\u00eda present\u00e1ndose desde hace alg\u00fan tiempo y requer\u00eda una intervenci\u00f3n t\u00e9cnica de fondo para evitar mayores riesgos para la comunidad\u201d, se\u00f1al\u00f3.<\/p>\n<p>Tras los estudios y los dise\u00f1os, la Secretar\u00eda estructur\u00f3 el proyecto que determin\u00f3 la necesidad de construir alcantarillas de caj\u00f3n en concreto reforzado, para la soluci\u00f3n definitiva del problema. \u201cLa parte neur\u00e1lgica del proyecto fue ejecutada, con la construcci\u00f3n de 13,1 metros lineales\u201d.<\/p>\n<p>El secretario Ch\u00e1vez destac\u00f3 que la estructura permite conducir adecuadamente las aguas que descienden desde la parte alta de Bel\u00e9n y La Pastora hacia el <span style=\"color: #000000;\">Canal Bogot\u00e1<\/span>. \u201cHoy podemos decir que esta infraestructura se encuentra en perfectas condiciones y garantiza el manejo hidr\u00e1ulico seguro para el sector\u201d.<\/p>\n<p>La obra contin\u00faa en ejecuci\u00f3n conforme al cronograma establecido, con el objetivo de restablecer la movilidad en la zona. El secretario indic\u00f3 que se trabaja de manera articulada con otras dependencias para minimizar el impacto a la comunidad.<\/p>\n<p>\u201cCon la secretar\u00eda de Movilidad vamos a adelantar un trabajo de sensibilizaci\u00f3n, especialmente con los veh\u00edculos de carga que ingresan a entregar productos, para evitar el tr\u00e1nsito de veh\u00edculos pesados por este sector\u201d, explic\u00f3.<\/p>\n<p>La secretar\u00eda de Infraestructura hizo un llamado a la ciudadan\u00eda para atender las recomendaciones de seguridad durante el desarrollo de la obra. \u201cEs fundamental que los peatones respeten las zonas habilitadas de paso y transiten con precauci\u00f3n, mientras avanzamos en la culminaci\u00f3n de los trabajos\u201d.<\/p>\n","protected":false},"excerpt":{"rendered":"<p>C\u00daCUTA La secretar\u00eda de Infraestructura inform\u00f3 sobre el avance de la obra que se ejecuta en el barrio Gait\u00e1n, para aliviar afectaciones en la movilidad y en la estabilidad de la v\u00eda. El secretario Germ\u00e1n Ch\u00e1vez explic\u00f3 que el problema se origin\u00f3 por una excavaci\u00f3n que oblig\u00f3 a la interrupci\u00f3n del tr\u00e1fico vehicular por motivos &hellip;<\/p>\n","protected":false},"author":1,"featured_media":46577,"comment_status":"open","ping_status":"open","sticky":false,"template":"","format":"standard","meta":{"footnotes":""},"categories":[2625,4,36],"tags":[7493,569,2895],"class_list":["post-46576","post","type-post","status-publish","format-standard","has-post-thumbnail","hentry","category-alcaldia-de-cucuta","category-barra","category-la-voz-del-pueblo","tag-barrio-gaitan","tag-canal-bogota","tag-secretaria-de-infraestructura"],"_links":{"self":[{"href":"https:\/\/contraluzcucuta.co\/index.php?rest_route=\/wp\/v2\/posts\/46576","targetHints":{"allow":["GET"]}}],"collection":[{"href":"https:\/\/contraluzcucuta.co\/index.php?rest_route=\/wp\/v2\/posts"}],"about":[{"href":"https:\/\/contraluzcucuta.co\/index.php?rest_route=\/wp\/v2\/types\/post"}],"author":[{"embeddable":true,"href":"https:\/\/contraluzcucuta.co\/index.php?rest_route=\/wp\/v2\/users\/1"}],"replies":[{"embeddable":true,"href":"https:\/\/contraluzcucuta.co\/index.php?rest_route=%2Fwp%2Fv2%2Fcomments&post=46576"}],"version-history":[{"count":1,"href":"https:\/\/contraluzcucuta.co\/index.php?rest_route=\/wp\/v2\/posts\/46576\/revisions"}],"predecessor-version":[{"id":46579,"href":"https:\/\/contraluzcucuta.co\/index.php?rest_route=\/wp\/v2\/posts\/46576\/revisions\/46579"}],"wp:featuredmedia":[{"embeddable":true,"href":"https:\/\/contraluzcucuta.co\/index.php?rest_route=\/wp\/v2\/media\/46577"}],"wp:attachment":[{"href":"https:\/\/contraluzcucuta.co\/index.php?rest_route=%2Fwp%2Fv2%2Fmedia&parent=46576"}],"wp:term":[{"taxonomy":"category","embeddable":true,"href":"https:\/\/contraluzcucuta.co\/index.php?rest_route=%2Fwp%2Fv2%2Fcategories&post=46576"},{"taxonomy":"post_tag","embeddable":true,"href":"https:\/\/contraluzcucuta.co\/index.php?rest_route=%2Fwp%2Fv2%2Ftags&post=46576"}],"curies":[{"name":"wp","href":"https:\/\/api.w.org\/{rel}","templated":true}]}}