{"id":46572,"date":"2026-02-06T05:36:08","date_gmt":"2026-02-06T10:36:08","guid":{"rendered":"https:\/\/contraluzcucuta.co\/?p=46572"},"modified":"2026-02-06T05:36:08","modified_gmt":"2026-02-06T10:36:08","slug":"alianza-interinstitucional-gobernacion-fortalece-la-investigacion","status":"publish","type":"post","link":"https:\/\/contraluzcucuta.co\/?p=46572","title":{"rendered":"ALIANZA INTERINSTITUCIONAL. Gobernaci\u00f3n fortalece la investigaci\u00f3n"},"content":{"rendered":"<p style=\"text-align: right;\"><strong>C\u00daCUTA<\/strong><\/p>\n<p><strong><span style=\"color: #ff9900;\">La Gobernaci\u00f3n de Norte de Santander formaliz\u00f3 la alianza estrat\u00e9gica con la C\u00e1mara de Comercio de C\u00facuta y la Universidad Sim\u00f3n Bol\u00edvar. El prop\u00f3sito es fortalecer la investigaci\u00f3n y la generaci\u00f3n de conocimiento como componentes clave del proyecto Norte, territorio sostenible y competitivo. El enfoque ser\u00e1 el impulso de los negocios verdes en el departamento.<\/span><\/strong><\/p>\n<p><a href=\"https:\/\/contraluzcucuta.co\/wp-content\/uploads\/2026\/02\/GOBERNACION-NEGOCIOS-VERDES-2.jpg\"><img loading=\"lazy\" decoding=\"async\" class=\"alignnone  wp-image-46574 alignleft\" src=\"https:\/\/contraluzcucuta.co\/wp-content\/uploads\/2026\/02\/GOBERNACION-NEGOCIOS-VERDES-2-300x200.jpg\" alt=\"\" width=\"251\" height=\"167\" srcset=\"https:\/\/contraluzcucuta.co\/wp-content\/uploads\/2026\/02\/GOBERNACION-NEGOCIOS-VERDES-2-300x200.jpg 300w, https:\/\/contraluzcucuta.co\/wp-content\/uploads\/2026\/02\/GOBERNACION-NEGOCIOS-VERDES-2-1024x683.jpg 1024w, https:\/\/contraluzcucuta.co\/wp-content\/uploads\/2026\/02\/GOBERNACION-NEGOCIOS-VERDES-2-768x512.jpg 768w, https:\/\/contraluzcucuta.co\/wp-content\/uploads\/2026\/02\/GOBERNACION-NEGOCIOS-VERDES-2-1536x1024.jpg 1536w, https:\/\/contraluzcucuta.co\/wp-content\/uploads\/2026\/02\/GOBERNACION-NEGOCIOS-VERDES-2-310x205.jpg 310w, https:\/\/contraluzcucuta.co\/wp-content\/uploads\/2026\/02\/GOBERNACION-NEGOCIOS-VERDES-2-600x400.jpg 600w, https:\/\/contraluzcucuta.co\/wp-content\/uploads\/2026\/02\/GOBERNACION-NEGOCIOS-VERDES-2.jpg 1600w\" sizes=\"auto, (max-width: 251px) 100vw, 251px\" \/><\/a><\/p>\n<p>La articulaci\u00f3n interinstitucional permitir\u00e1 que la C\u00e1mara de Comercio de C\u00facuta, entidad ejecutora del proyecto, cuente con respaldo acad\u00e9mico y t\u00e9cnico de la Universidad Sim\u00f3n Bol\u00edvar. El desarrollo de procesos investigativos y metodol\u00f3gicos aportar\u00e1 valor agregado a los emprendimientos participantes.<\/p>\n<p>\u201cEl trabajo conjunto entre el sector p\u00fablico, el sector productivo y la academia es fundamental para consolidar negocios verdes sostenibles, innovadores y con impacto real en el territorio\u201d, se\u00f1al\u00f3 Cristhiam Jim\u00e9nez, secretario de Medio Ambiente. Destac\u00f3 que la alianza fortalece la base t\u00e9cnica del proyecto y la alineaci\u00f3n con las pol\u00edticas nacionales y departamentales.<\/p>\n<p>La iniciativa beneficiar\u00e1 50 emprendimientos mediante capital semilla, asistencia t\u00e9cnica especializada y espacios de visibilizaci\u00f3n, ferias y ruedas de negocios. Impactar\u00e1 a 18 municipios, bajo la jurisdicci\u00f3n de la C\u00e1mara de Comercio de C\u00facuta, distribuidos en las cuatro subregiones de Norte de Santander.<\/p>\n<p><strong>INGRID TIBISAY JAIMES &#8211; @GoberNorte<\/strong><\/p>\n","protected":false},"excerpt":{"rendered":"<p>C\u00daCUTA La Gobernaci\u00f3n de Norte de Santander formaliz\u00f3 la alianza estrat\u00e9gica con la C\u00e1mara de Comercio de C\u00facuta y la Universidad Sim\u00f3n Bol\u00edvar. El prop\u00f3sito es fortalecer la investigaci\u00f3n y la generaci\u00f3n de conocimiento como componentes clave del proyecto Norte, territorio sostenible y competitivo. El enfoque ser\u00e1 el impulso de los negocios verdes en el &hellip;<\/p>\n","protected":false},"author":1,"featured_media":46573,"comment_status":"open","ping_status":"open","sticky":false,"template":"","format":"standard","meta":{"footnotes":""},"categories":[4,6],"tags":[6926,375,379,2198],"class_list":["post-46572","post","type-post","status-publish","format-standard","has-post-thumbnail","hentry","category-barra","category-ojo-avizor","tag-gobernorte","tag-camara-de-comercio-de-cucuta","tag-gobernacion-de-norte-de-santander","tag-universidad-simon-bolivar-de-cucuta"],"_links":{"self":[{"href":"https:\/\/contraluzcucuta.co\/index.php?rest_route=\/wp\/v2\/posts\/46572","targetHints":{"allow":["GET"]}}],"collection":[{"href":"https:\/\/contraluzcucuta.co\/index.php?rest_route=\/wp\/v2\/posts"}],"about":[{"href":"https:\/\/contraluzcucuta.co\/index.php?rest_route=\/wp\/v2\/types\/post"}],"author":[{"embeddable":true,"href":"https:\/\/contraluzcucuta.co\/index.php?rest_route=\/wp\/v2\/users\/1"}],"replies":[{"embeddable":true,"href":"https:\/\/contraluzcucuta.co\/index.php?rest_route=%2Fwp%2Fv2%2Fcomments&post=46572"}],"version-history":[{"count":1,"href":"https:\/\/contraluzcucuta.co\/index.php?rest_route=\/wp\/v2\/posts\/46572\/revisions"}],"predecessor-version":[{"id":46575,"href":"https:\/\/contraluzcucuta.co\/index.php?rest_route=\/wp\/v2\/posts\/46572\/revisions\/46575"}],"wp:featuredmedia":[{"embeddable":true,"href":"https:\/\/contraluzcucuta.co\/index.php?rest_route=\/wp\/v2\/media\/46573"}],"wp:attachment":[{"href":"https:\/\/contraluzcucuta.co\/index.php?rest_route=%2Fwp%2Fv2%2Fmedia&parent=46572"}],"wp:term":[{"taxonomy":"category","embeddable":true,"href":"https:\/\/contraluzcucuta.co\/index.php?rest_route=%2Fwp%2Fv2%2Fcategories&post=46572"},{"taxonomy":"post_tag","embeddable":true,"href":"https:\/\/contraluzcucuta.co\/index.php?rest_route=%2Fwp%2Fv2%2Ftags&post=46572"}],"curies":[{"name":"wp","href":"https:\/\/api.w.org\/{rel}","templated":true}]}}