{"id":46567,"date":"2026-02-06T05:21:29","date_gmt":"2026-02-06T10:21:29","guid":{"rendered":"https:\/\/contraluzcucuta.co\/?p=46567"},"modified":"2026-02-06T05:21:29","modified_gmt":"2026-02-06T10:21:29","slug":"torre-del-reloj-mauricio-sanchez-expone-comun-y-silvestre","status":"publish","type":"post","link":"https:\/\/contraluzcucuta.co\/?p=46567","title":{"rendered":"TORRE DEL RELOJ. Mauricio S\u00e1nchez expone Com\u00fan y Silvestre"},"content":{"rendered":"<p style=\"text-align: right;\"><strong>C\u00daCUTA.<\/strong><\/p>\n<p>&nbsp;<\/p>\n<p style=\"text-align: center;\"><a href=\"https:\/\/contraluzcucuta.co\/wp-content\/uploads\/2026\/02\/MAURICIO-SANCHEZ-2.jpeg\"><img loading=\"lazy\" decoding=\"async\" class=\"alignnone size-medium wp-image-46570\" src=\"https:\/\/contraluzcucuta.co\/wp-content\/uploads\/2026\/02\/MAURICIO-SANCHEZ-2-300x225.jpeg\" alt=\"\" width=\"300\" height=\"225\" srcset=\"https:\/\/contraluzcucuta.co\/wp-content\/uploads\/2026\/02\/MAURICIO-SANCHEZ-2-300x225.jpeg 300w, https:\/\/contraluzcucuta.co\/wp-content\/uploads\/2026\/02\/MAURICIO-SANCHEZ-2-1024x768.jpeg 1024w, https:\/\/contraluzcucuta.co\/wp-content\/uploads\/2026\/02\/MAURICIO-SANCHEZ-2-768x576.jpeg 768w, https:\/\/contraluzcucuta.co\/wp-content\/uploads\/2026\/02\/MAURICIO-SANCHEZ-2-1536x1152.jpeg 1536w, https:\/\/contraluzcucuta.co\/wp-content\/uploads\/2026\/02\/MAURICIO-SANCHEZ-2-600x450.jpeg 600w, https:\/\/contraluzcucuta.co\/wp-content\/uploads\/2026\/02\/MAURICIO-SANCHEZ-2.jpeg 1600w\" sizes=\"auto, (max-width: 300px) 100vw, 300px\" \/><\/a> <a href=\"https:\/\/contraluzcucuta.co\/wp-content\/uploads\/2026\/02\/MAURICIO-SANCHEZ-5.jpeg\"><img loading=\"lazy\" decoding=\"async\" class=\"alignnone size-medium wp-image-46569\" src=\"https:\/\/contraluzcucuta.co\/wp-content\/uploads\/2026\/02\/MAURICIO-SANCHEZ-5-300x225.jpeg\" alt=\"\" width=\"300\" height=\"225\" srcset=\"https:\/\/contraluzcucuta.co\/wp-content\/uploads\/2026\/02\/MAURICIO-SANCHEZ-5-300x225.jpeg 300w, https:\/\/contraluzcucuta.co\/wp-content\/uploads\/2026\/02\/MAURICIO-SANCHEZ-5-1024x768.jpeg 1024w, https:\/\/contraluzcucuta.co\/wp-content\/uploads\/2026\/02\/MAURICIO-SANCHEZ-5-768x576.jpeg 768w, https:\/\/contraluzcucuta.co\/wp-content\/uploads\/2026\/02\/MAURICIO-SANCHEZ-5-1536x1152.jpeg 1536w, https:\/\/contraluzcucuta.co\/wp-content\/uploads\/2026\/02\/MAURICIO-SANCHEZ-5-600x450.jpeg 600w, https:\/\/contraluzcucuta.co\/wp-content\/uploads\/2026\/02\/MAURICIO-SANCHEZ-5.jpeg 1600w\" sizes=\"auto, (max-width: 300px) 100vw, 300px\" \/><\/a><\/p>\n<p><strong><span style=\"color: #ff9900;\">Mauricio S\u00e1nchez, artista pl\u00e1stico con m\u00e1s de 30 a\u00f1os de trayectoria, presenta la exposici\u00f3n Com\u00fan y Silvestre, colecci\u00f3n de 20 obras entre pinturas e instalaciones. El autor recibi\u00f3 menciones honor\u00edficas en los salones de arte de Colombia en Conferias (1998) y en los salones de arte de Aragua (Venezuela &#8211; 1991).<\/span><\/strong><\/p>\n<p>La exposici\u00f3n es una representaci\u00f3n de los paisajes transitorios, los tipos de cactus de la geograf\u00eda de la regi\u00f3n y una perspectiva del tr\u00e1nsito migratorio que se ve en la ciudad y en el pa\u00eds.<\/p>\n<p>Mauricio quiere mostrar El alambre de P\u00faas, Horcones o Cercas, y el malet\u00edn que hace alusi\u00f3n al viajero que va de tr\u00e1nsito por la ciudad y los sue\u00f1os que van en la maleta de quienes por diferentes situaciones han tenido que abandonar su territorio.<\/p>\n<p>La exposici\u00f3n se inaugur\u00f3 en el D\u00eda Internacional del Migrante y estar\u00e1 disponibles hasta el 25 de febrero, en el Centro Cultural Torre del Reloj.<\/p>\n<p>La invitaci\u00f3n est\u00e1 abierta para que la comunidad y el sector educativo tengan el conocimiento y la importancia del arte en la regi\u00f3n y en el pa\u00eds. Adem\u00e1s de ir m\u00e1s all\u00e1 de los libros y lo te\u00f3rico para poder ser plasmado en los salones de arte.<\/p>\n<p><strong>PAOLA CRISTANCHO &#8211; @GoberNorte<\/strong><\/p>\n","protected":false},"excerpt":{"rendered":"<p>C\u00daCUTA. &nbsp; Mauricio S\u00e1nchez, artista pl\u00e1stico con m\u00e1s de 30 a\u00f1os de trayectoria, presenta la exposici\u00f3n Com\u00fan y Silvestre, colecci\u00f3n de 20 obras entre pinturas e instalaciones. El autor recibi\u00f3 menciones honor\u00edficas en los salones de arte de Colombia en Conferias (1998) y en los salones de arte de Aragua (Venezuela &#8211; 1991). La exposici\u00f3n &hellip;<\/p>\n","protected":false},"author":1,"featured_media":46568,"comment_status":"open","ping_status":"open","sticky":false,"template":"","format":"standard","meta":{"footnotes":""},"categories":[4,37],"tags":[7492,7491,887],"class_list":["post-46567","post","type-post","status-publish","format-standard","has-post-thumbnail","hentry","category-barra","category-paseo-cultural","tag-comun-y-silvestre","tag-mauricio-sanchez","tag-torre-del-reloj"],"_links":{"self":[{"href":"https:\/\/contraluzcucuta.co\/index.php?rest_route=\/wp\/v2\/posts\/46567","targetHints":{"allow":["GET"]}}],"collection":[{"href":"https:\/\/contraluzcucuta.co\/index.php?rest_route=\/wp\/v2\/posts"}],"about":[{"href":"https:\/\/contraluzcucuta.co\/index.php?rest_route=\/wp\/v2\/types\/post"}],"author":[{"embeddable":true,"href":"https:\/\/contraluzcucuta.co\/index.php?rest_route=\/wp\/v2\/users\/1"}],"replies":[{"embeddable":true,"href":"https:\/\/contraluzcucuta.co\/index.php?rest_route=%2Fwp%2Fv2%2Fcomments&post=46567"}],"version-history":[{"count":1,"href":"https:\/\/contraluzcucuta.co\/index.php?rest_route=\/wp\/v2\/posts\/46567\/revisions"}],"predecessor-version":[{"id":46571,"href":"https:\/\/contraluzcucuta.co\/index.php?rest_route=\/wp\/v2\/posts\/46567\/revisions\/46571"}],"wp:featuredmedia":[{"embeddable":true,"href":"https:\/\/contraluzcucuta.co\/index.php?rest_route=\/wp\/v2\/media\/46568"}],"wp:attachment":[{"href":"https:\/\/contraluzcucuta.co\/index.php?rest_route=%2Fwp%2Fv2%2Fmedia&parent=46567"}],"wp:term":[{"taxonomy":"category","embeddable":true,"href":"https:\/\/contraluzcucuta.co\/index.php?rest_route=%2Fwp%2Fv2%2Fcategories&post=46567"},{"taxonomy":"post_tag","embeddable":true,"href":"https:\/\/contraluzcucuta.co\/index.php?rest_route=%2Fwp%2Fv2%2Ftags&post=46567"}],"curies":[{"name":"wp","href":"https:\/\/api.w.org\/{rel}","templated":true}]}}