{"id":46381,"date":"2026-01-06T18:06:12","date_gmt":"2026-01-06T23:06:12","guid":{"rendered":"https:\/\/contraluzcucuta.co\/?p=46381"},"modified":"2026-01-06T18:07:28","modified_gmt":"2026-01-06T23:07:28","slug":"necrologia-el-atletismo-de-norte-de-santander-es-limitado-ali-salas","status":"publish","type":"post","link":"https:\/\/contraluzcucuta.co\/?p=46381","title":{"rendered":"NECROLOG\u00cdA. El atletismo de Norte de Santander es limitado: Al\u00ed salas"},"content":{"rendered":"<ul>\n<li><strong><span style=\"color: #ff9900;\"><em>Entrevista con el licenciado en Educaci\u00f3n F\u00edsica, Al\u00ed Salas, para la revista Acord Informa (concedida en abril de 2025). El profesor de atletismo falleci\u00f3 el segundo d\u00eda del 2026. En el deporte nortesantandereano destac\u00f3 por tener a cargo la preparaci\u00f3n de los atletas Yajaira Rubio y Diego Vera<\/em>.<\/span><\/strong><\/li>\n<\/ul>\n<p style=\"text-align: right;\"><strong>C\u00daCUTA.<\/strong><\/p>\n<p><a href=\"https:\/\/contraluzcucuta.co\/wp-content\/uploads\/2026\/01\/ALI-SALAS-2-scaled.jpeg\"><img loading=\"lazy\" decoding=\"async\" class=\"alignnone wp-image-46383 alignleft\" src=\"https:\/\/contraluzcucuta.co\/wp-content\/uploads\/2026\/01\/ALI-SALAS-2-300x225.jpeg\" alt=\"\" width=\"251\" height=\"188\" srcset=\"https:\/\/contraluzcucuta.co\/wp-content\/uploads\/2026\/01\/ALI-SALAS-2-300x225.jpeg 300w, https:\/\/contraluzcucuta.co\/wp-content\/uploads\/2026\/01\/ALI-SALAS-2-1024x768.jpeg 1024w, https:\/\/contraluzcucuta.co\/wp-content\/uploads\/2026\/01\/ALI-SALAS-2-768x576.jpeg 768w, https:\/\/contraluzcucuta.co\/wp-content\/uploads\/2026\/01\/ALI-SALAS-2-1536x1152.jpeg 1536w, https:\/\/contraluzcucuta.co\/wp-content\/uploads\/2026\/01\/ALI-SALAS-2-2048x1536.jpeg 2048w, https:\/\/contraluzcucuta.co\/wp-content\/uploads\/2026\/01\/ALI-SALAS-2-600x450.jpeg 600w\" sizes=\"auto, (max-width: 251px) 100vw, 251px\" \/><\/a><\/p>\n<p>Muchos aspectos, entre deportivos y extradeportivos, inciden para que el atletismo de Norte de Santander sea limitado. Los j\u00f3venes carecen de est\u00edmulos para dedicarse a la pr\u00e1ctica de esta disciplina y darle al departamento la gloria que alg\u00fan d\u00eda alcanz\u00f3 con contados atletas en diversas modalidades.<\/p>\n<p>En el recuerdo aparecen pocos nombres y entre las causas destacan la falta de conformaci\u00f3n del equipo multidisciplinar para atender a los muchachos. El grupo de trabajo debe estar conformado por nutricionistas que dirijan la alimentaci\u00f3n y sic\u00f3logos que est\u00e9n pendientes de los comportamientos. A esto se suma la carencia de instalaciones adecuadas para la pr\u00e1ctica constante.<\/p>\n<p>El an\u00e1lisis lo hizo Al\u00ed Salas, t\u00e9cnico de atletismo nacido en el estado Miranda, criado en el estado Barinas, licenciado en Educaci\u00f3n F\u00edsica, con maestr\u00eda en Planificaci\u00f3n y Administraci\u00f3n de Entrenamiento Deportivo. En su haber cuenta con el t\u00edtulo de campe\u00f3n Centroamericano, Sudamericano y Venezolano, en 800 y 1500 metros.<\/p>\n<p><strong>\u00bfQu\u00e9 lo motiv\u00f3 para venir a C\u00facuta?<\/strong><\/p>\n<ul>\n<li><em>La situaci\u00f3n del pa\u00eds. Mi esposa es de Norte de Santander, fue atleta, alumna del profesor Julio Medina.<\/em><\/li>\n<\/ul>\n<p><a href=\"https:\/\/contraluzcucuta.co\/wp-content\/uploads\/2026\/01\/YAJAIRA-RUBIO-8.jpg\"><img loading=\"lazy\" decoding=\"async\" class=\"alignnone wp-image-46385 alignright\" src=\"https:\/\/contraluzcucuta.co\/wp-content\/uploads\/2026\/01\/YAJAIRA-RUBIO-8-205x300.jpg\" alt=\"\" width=\"197\" height=\"288\" srcset=\"https:\/\/contraluzcucuta.co\/wp-content\/uploads\/2026\/01\/YAJAIRA-RUBIO-8-205x300.jpg 205w, https:\/\/contraluzcucuta.co\/wp-content\/uploads\/2026\/01\/YAJAIRA-RUBIO-8.jpg 448w\" sizes=\"auto, (max-width: 197px) 100vw, 197px\" \/><\/a><\/p>\n<p><strong>\u00bfQu\u00e9 atletas tiene a cargo?<\/strong><\/p>\n<ul>\n<li><em>A Yajaira Rubio, Johan Contreras y Diego Vera. Sara\u00ed Ortiz y Sebasti\u00e1n Ortiz son talentos que pronto estar\u00e1n en la palestra deportiva regional.<\/em><\/li>\n<\/ul>\n<p><strong>\u00bfQu\u00e9 posibilidades tiene Yajaira Rubio para ir a las Olimpiadas?<\/strong><\/p>\n<ul>\n<li><em>Es una atleta con pundonor y energ\u00eda. Est\u00e1 dispuesta para el ciclo ol\u00edmpico, en 42 kil\u00f3metros.<\/em><\/li>\n<\/ul>\n<p><strong>\u00bfA qu\u00e9 otros atletas les ve posibilidades?<\/strong><\/p>\n<ul>\n<li><em>Jan Fl\u00f3rez es un atleta que est\u00e1 prepar\u00e1ndose para diferentes competencias y es un talento. Diego Vera corri\u00f3 los 42 kil\u00f3metros en Sevilla (Espa\u00f1a) y fue seleccionado para el Mundial de Monta\u00f1a, en septiembre, en Espa\u00f1a.<\/em><\/li>\n<\/ul>\n<p><strong>\u00bfC\u00f3mo ve el nivel del atletismo en Norte de Santander?<\/strong><\/p>\n<ul>\n<li><em>Bueno, aparte de Yajaira, muy limitado. Hay muchos aspectos que hay que tomar en consideraci\u00f3n, las instalaciones deportivas, la falta de integrar un equipo con nutricionista y sic\u00f3logo, y m\u00e1s est\u00edmulos para los atletas.<\/em><\/li>\n<\/ul>\n","protected":false},"excerpt":{"rendered":"<p>Entrevista con el licenciado en Educaci\u00f3n F\u00edsica, Al\u00ed Salas, para la revista Acord Informa (concedida en abril de 2025). El profesor de atletismo falleci\u00f3 el segundo d\u00eda del 2026. En el deporte nortesantandereano destac\u00f3 por tener a cargo la preparaci\u00f3n de los atletas Yajaira Rubio y Diego Vera. C\u00daCUTA. Muchos aspectos, entre deportivos y extradeportivos, &hellip;<\/p>\n","protected":false},"author":1,"featured_media":46382,"comment_status":"open","ping_status":"open","sticky":false,"template":"","format":"standard","meta":{"footnotes":""},"categories":[4,28],"tags":[7234,7460],"class_list":["post-46381","post","type-post","status-publish","format-standard","has-post-thumbnail","hentry","category-barra","category-vistazo-deportivo","tag-ali-salas","tag-atletas-de-norte-de-santander"],"_links":{"self":[{"href":"https:\/\/contraluzcucuta.co\/index.php?rest_route=\/wp\/v2\/posts\/46381","targetHints":{"allow":["GET"]}}],"collection":[{"href":"https:\/\/contraluzcucuta.co\/index.php?rest_route=\/wp\/v2\/posts"}],"about":[{"href":"https:\/\/contraluzcucuta.co\/index.php?rest_route=\/wp\/v2\/types\/post"}],"author":[{"embeddable":true,"href":"https:\/\/contraluzcucuta.co\/index.php?rest_route=\/wp\/v2\/users\/1"}],"replies":[{"embeddable":true,"href":"https:\/\/contraluzcucuta.co\/index.php?rest_route=%2Fwp%2Fv2%2Fcomments&post=46381"}],"version-history":[{"count":2,"href":"https:\/\/contraluzcucuta.co\/index.php?rest_route=\/wp\/v2\/posts\/46381\/revisions"}],"predecessor-version":[{"id":46387,"href":"https:\/\/contraluzcucuta.co\/index.php?rest_route=\/wp\/v2\/posts\/46381\/revisions\/46387"}],"wp:featuredmedia":[{"embeddable":true,"href":"https:\/\/contraluzcucuta.co\/index.php?rest_route=\/wp\/v2\/media\/46382"}],"wp:attachment":[{"href":"https:\/\/contraluzcucuta.co\/index.php?rest_route=%2Fwp%2Fv2%2Fmedia&parent=46381"}],"wp:term":[{"taxonomy":"category","embeddable":true,"href":"https:\/\/contraluzcucuta.co\/index.php?rest_route=%2Fwp%2Fv2%2Fcategories&post=46381"},{"taxonomy":"post_tag","embeddable":true,"href":"https:\/\/contraluzcucuta.co\/index.php?rest_route=%2Fwp%2Fv2%2Ftags&post=46381"}],"curies":[{"name":"wp","href":"https:\/\/api.w.org\/{rel}","templated":true}]}}