{"id":46371,"date":"2026-01-05T16:44:06","date_gmt":"2026-01-05T21:44:06","guid":{"rendered":"https:\/\/contraluzcucuta.co\/?p=46371"},"modified":"2026-01-05T16:44:06","modified_gmt":"2026-01-05T21:44:06","slug":"aula-universitaria-hablar-de-cucuta-sin-prisa-sergio-entrena-lopez","status":"publish","type":"post","link":"https:\/\/contraluzcucuta.co\/?p=46371","title":{"rendered":"AULA UNIVERSITARIA. Hablar de C\u00facuta, sin prisa: Sergio Entrena L\u00f3pez"},"content":{"rendered":"<p style=\"text-align: right;\"><strong>C\u00daCUTA.<\/strong><\/p>\n<ul>\n<li><strong><span style=\"color: #ff9900;\"><em>\u201cPara que la justicia social incida, debe basarse en la educaci\u00f3n de la poblaci\u00f3n. Educaci\u00f3n escolar, tecnol\u00f3gica, educaci\u00f3n en todos los niveles, porque la educaci\u00f3n es la que cambia\u201d.<\/em><\/span><\/strong><\/li>\n<\/ul>\n<p><a href=\"https:\/\/contraluzcucuta.co\/wp-content\/uploads\/2026\/01\/YERLY-3.jpeg\"><img loading=\"lazy\" decoding=\"async\" class=\"alignnone  wp-image-46373 alignleft\" src=\"https:\/\/contraluzcucuta.co\/wp-content\/uploads\/2026\/01\/YERLY-3-300x225.jpeg\" alt=\"\" width=\"247\" height=\"185\" srcset=\"https:\/\/contraluzcucuta.co\/wp-content\/uploads\/2026\/01\/YERLY-3-300x225.jpeg 300w, https:\/\/contraluzcucuta.co\/wp-content\/uploads\/2026\/01\/YERLY-3-1024x769.jpeg 1024w, https:\/\/contraluzcucuta.co\/wp-content\/uploads\/2026\/01\/YERLY-3-768x576.jpeg 768w, https:\/\/contraluzcucuta.co\/wp-content\/uploads\/2026\/01\/YERLY-3-1536x1153.jpeg 1536w, https:\/\/contraluzcucuta.co\/wp-content\/uploads\/2026\/01\/YERLY-3-600x450.jpeg 600w, https:\/\/contraluzcucuta.co\/wp-content\/uploads\/2026\/01\/YERLY-3.jpeg 2000w\" sizes=\"auto, (max-width: 247px) 100vw, 247px\" \/><\/a><\/p>\n<p>A las 10:00 de la ma\u00f1ana de un martes com\u00fan, en un sector de Los Patios, me encontr\u00e9 con una versi\u00f3n m\u00e1s madura del poder. No era una cita solemne, la conversaci\u00f3n estaba pautada entre la experiencia acumulada y el proceso reci\u00e9n vivido. Un di\u00e1logo en el que C\u00facuta aparec\u00eda como territorio, memoria y pregunta abierta.<\/p>\n<p>Llegu\u00e9 a su morada. Me recibi\u00f3 en el estudio, lugar que emana historia, intelectualidad y creaci\u00f3n. Vest\u00eda camisa tipo polo y pantal\u00f3n sobrio. En el bolsillo del pecho llevaba un estil\u00f3grafo, se\u00f1al discreta de quien a\u00fan cree en la palabra escrita. El cabello blanco, lejos de ocultarse, hablaba de a\u00f1os de gesti\u00f3n p\u00fablica. En la mano izquierda, el reloj marcaba el tiempo con precisi\u00f3n.<\/p>\n<p>Sergio Entrena L\u00f3pez habla sin prisa. Cucute\u00f1o, empresario, economista y banquero, gobernador de Norte de Santander entre 1995 y 1997. Tambi\u00e9n, ex c\u00f3nsul de Colombia en Valencia (Espa\u00f1a), ex presidente de la Sociedad de Economistas y columnista de <em>La Opini\u00f3n<\/em>. La trayectoria pesa m\u00e1s que los cargos.<\/p>\n<p>Habla de un departamento golpeado por la violencia, el desorden administrativo y la fragilidad institucional. En ese contexto, la planeaci\u00f3n se convirti\u00f3 en herramienta de supervivencia. Renegociar deudas, organizar archivos, controlar contratos. Gobernar, explica, tambi\u00e9n es anticiparse a los errores y proteger la gesti\u00f3n.<\/p>\n<p>Antes de asumir la Gobernaci\u00f3n, recuerda su paso como director regional del SENA, periodo que marc\u00f3 la manera de entender el desarrollo. All\u00ed, la educaci\u00f3n t\u00e9cnica y tecnol\u00f3gica no era el complemento, era el eje para responder al desempleo y articular al Estado con el sector productivo. Esa experiencia atraviesa su lectura de C\u00facuta y de Norte de Santander.<\/p>\n<p><a href=\"https:\/\/contraluzcucuta.co\/wp-content\/uploads\/2026\/01\/YERLY-4.jpeg\"><img loading=\"lazy\" decoding=\"async\" class=\"wp-image-46374 alignleft\" src=\"https:\/\/contraluzcucuta.co\/wp-content\/uploads\/2026\/01\/YERLY-4-300x225.jpeg\" alt=\"\" width=\"252\" height=\"189\" srcset=\"https:\/\/contraluzcucuta.co\/wp-content\/uploads\/2026\/01\/YERLY-4-300x225.jpeg 300w, https:\/\/contraluzcucuta.co\/wp-content\/uploads\/2026\/01\/YERLY-4-1024x768.jpeg 1024w, https:\/\/contraluzcucuta.co\/wp-content\/uploads\/2026\/01\/YERLY-4-768x576.jpeg 768w, https:\/\/contraluzcucuta.co\/wp-content\/uploads\/2026\/01\/YERLY-4-1536x1152.jpeg 1536w, https:\/\/contraluzcucuta.co\/wp-content\/uploads\/2026\/01\/YERLY-4-600x450.jpeg 600w, https:\/\/contraluzcucuta.co\/wp-content\/uploads\/2026\/01\/YERLY-4.jpeg 2000w\" sizes=\"auto, (max-width: 252px) 100vw, 252px\" \/><\/a>La conversaci\u00f3n se fue haciendo amena con el paso de los minutos. Caf\u00e9 y jugo de tomate de \u00e1rbol para acompa\u00f1ar el di\u00e1logo en el balc\u00f3n de la casa. Desde all\u00ed, el azul del cielo abre el panorama, como si la ciudad, por un instante, ofreciera silencio para pensarla<\/p>\n<p>Habla de la C\u00facuta en la que creci\u00f3 con una nostalgia que no idealiza. Una ciudad m\u00e1s cercana, menos fragmentada, donde el sentido de pertenencia a\u00fan tej\u00eda comunidad. Al compararla con Medell\u00edn, Bucaramanga y otras ciudades que conoci\u00f3 despu\u00e9s, admite que se perdieron la continuidad, la visi\u00f3n compartida, la idea de futuro com\u00fan.<\/p>\n<p>Tras terminar el periodo de gobernanza, el contexto no le permiti\u00f3 apreciar un poco m\u00e1s la estad\u00eda en su tierra. La salida de C\u00facuta no fue planeada. Las amenazas del ELN lo obligaron a abandonar el departamento, aunque nunca a desprenderse. Vivi\u00f3 durante a\u00f1os en el Distrito Capital y regres\u00f3 tiempo despu\u00e9s, con la mirada cr\u00edtica intacta y el v\u00ednculo que el exilio no logr\u00f3 romper.<\/p>\n<p>Cuando habla de C\u00facuta no hay complacencia. Se\u00f1ala una econom\u00eda diversificada, altos costos de la energ\u00eda y la d\u00e9bil infraestructura que frena la industria. El rezago no es casualidad, es consecuencia de decisiones aplazadas y liderazgos sin proyecto com\u00fan de largo plazo.<\/p>\n<p><a href=\"https:\/\/contraluzcucuta.co\/wp-content\/uploads\/2026\/01\/YERLY-6.jpeg\"><img loading=\"lazy\" decoding=\"async\" class=\"alignnone  wp-image-46375 alignleft\" src=\"https:\/\/contraluzcucuta.co\/wp-content\/uploads\/2026\/01\/YERLY-6-300x180.jpeg\" alt=\"\" width=\"247\" height=\"148\" srcset=\"https:\/\/contraluzcucuta.co\/wp-content\/uploads\/2026\/01\/YERLY-6-300x180.jpeg 300w, https:\/\/contraluzcucuta.co\/wp-content\/uploads\/2026\/01\/YERLY-6-1024x615.jpeg 1024w, https:\/\/contraluzcucuta.co\/wp-content\/uploads\/2026\/01\/YERLY-6-768x462.jpeg 768w, https:\/\/contraluzcucuta.co\/wp-content\/uploads\/2026\/01\/YERLY-6-1536x923.jpeg 1536w, https:\/\/contraluzcucuta.co\/wp-content\/uploads\/2026\/01\/YERLY-6-600x361.jpeg 600w, https:\/\/contraluzcucuta.co\/wp-content\/uploads\/2026\/01\/YERLY-6.jpeg 2000w\" sizes=\"auto, (max-width: 247px) 100vw, 247px\" \/><\/a><\/p>\n<p>Lo que empez\u00f3 como un espacio para un trabajo acad\u00e9mico, se convirti\u00f3 en el cruce generacional. De un lado, la experiencia de quien gobern\u00f3; del otro, la mirada de quien empieza a preguntar. Entre ambos, la ciudad aparece como posibilidad contenida, atrapada en ciclos repetidos en los que cada administraci\u00f3n comienza como si nada existiera antes.<\/p>\n<p>Entrena L\u00f3pez insiste en que el desarrollo regional exige articulaci\u00f3n entre pol\u00edtica, gremios y academia. Sin acuerdos m\u00ednimos, advierte, no hay futuro posible. C\u00facuta necesita dejar de pensarse desde la coyuntura y asumir la planeaci\u00f3n como responsabilidad que trascienda gobiernos.<\/p>\n<p>El lugar acompa\u00f1a la conversaci\u00f3n sin imponerse. La biblioteca amplia, fotograf\u00edas que registran distintos momentos de la vida p\u00fablica y familiar, y el orden que no es r\u00edgido, sino pensado. Todo sugiere la relaci\u00f3n constante con la memoria, entendida como parte del oficio de pensar la ciudad y la historia.<\/p>\n<p><a href=\"https:\/\/contraluzcucuta.co\/wp-content\/uploads\/2026\/01\/YERLY-10.jpg\"><img loading=\"lazy\" decoding=\"async\" class=\"alignnone  wp-image-46376 alignright\" src=\"https:\/\/contraluzcucuta.co\/wp-content\/uploads\/2026\/01\/YERLY-10-225x300.jpg\" alt=\"\" width=\"201\" height=\"268\" srcset=\"https:\/\/contraluzcucuta.co\/wp-content\/uploads\/2026\/01\/YERLY-10-225x300.jpg 225w, https:\/\/contraluzcucuta.co\/wp-content\/uploads\/2026\/01\/YERLY-10-769x1024.jpg 769w, https:\/\/contraluzcucuta.co\/wp-content\/uploads\/2026\/01\/YERLY-10-768x1023.jpg 768w, https:\/\/contraluzcucuta.co\/wp-content\/uploads\/2026\/01\/YERLY-10-1153x1536.jpg 1153w, https:\/\/contraluzcucuta.co\/wp-content\/uploads\/2026\/01\/YERLY-10-600x799.jpg 600w, https:\/\/contraluzcucuta.co\/wp-content\/uploads\/2026\/01\/YERLY-10.jpg 1501w\" sizes=\"auto, (max-width: 201px) 100vw, 201px\" \/><\/a><\/p>\n<p>Se detiene en cada imagen. Explica qui\u00e9n aparece, en qu\u00e9 a\u00f1o fue tomada y qu\u00e9 momento representa. Habla con especial cuidado de los tres hijos y de los nietos. All\u00ed, lejos del discurso p\u00fablico, el poder cede espacio a la memoria personal y al afecto que tambi\u00e9n construye legado.<\/p>\n<p>Pese al diagn\u00f3stico cr\u00edtico, mantiene la mirada optimista sobre el futuro. Considera que la juventud cucute\u00f1a tiene capacidades y talento, y que el crecimiento de las universidades y la formaci\u00f3n profesional puede convertirse en oportunidad real. El reto no es la falta de j\u00f3venes preparados, es la ausencia de condiciones para que se queden y construyan ciudad.<\/p>\n<p>Al final, el reloj sigue marcando la hora. Afuera, la ciudad contin\u00faa la rutina. Queda la sensaci\u00f3n de que esta, m\u00e1s que una charla, fue la manifestaci\u00f3n del conocimiento. El desarrollo no llega solo, se construye con memoria, planeaci\u00f3n y decisiones firmes que resistan el paso del tiempo.<\/p>\n<p><strong>YERLY ORTIZ MALDONADO<\/strong><\/p>\n<p><strong>Comunicadora Social en formaci\u00f3n<\/strong><\/p>\n","protected":false},"excerpt":{"rendered":"<p>C\u00daCUTA. \u201cPara que la justicia social incida, debe basarse en la educaci\u00f3n de la poblaci\u00f3n. Educaci\u00f3n escolar, tecnol\u00f3gica, educaci\u00f3n en todos los niveles, porque la educaci\u00f3n es la que cambia\u201d. A las 10:00 de la ma\u00f1ana de un martes com\u00fan, en un sector de Los Patios, me encontr\u00e9 con una versi\u00f3n m\u00e1s madura del poder. &hellip;<\/p>\n","protected":false},"author":1,"featured_media":46372,"comment_status":"open","ping_status":"open","sticky":false,"template":"","format":"standard","meta":{"footnotes":""},"categories":[74,4],"tags":[2597,2367,7459,161],"class_list":["post-46371","post","type-post","status-publish","format-standard","has-post-thumbnail","hentry","category-aula-universitaria","category-barra","tag-aula-universitaria","tag-sergio-entrena-lopez","tag-sociedad-de-economistas","tag-universidad-de-pamplona"],"_links":{"self":[{"href":"https:\/\/contraluzcucuta.co\/index.php?rest_route=\/wp\/v2\/posts\/46371","targetHints":{"allow":["GET"]}}],"collection":[{"href":"https:\/\/contraluzcucuta.co\/index.php?rest_route=\/wp\/v2\/posts"}],"about":[{"href":"https:\/\/contraluzcucuta.co\/index.php?rest_route=\/wp\/v2\/types\/post"}],"author":[{"embeddable":true,"href":"https:\/\/contraluzcucuta.co\/index.php?rest_route=\/wp\/v2\/users\/1"}],"replies":[{"embeddable":true,"href":"https:\/\/contraluzcucuta.co\/index.php?rest_route=%2Fwp%2Fv2%2Fcomments&post=46371"}],"version-history":[{"count":1,"href":"https:\/\/contraluzcucuta.co\/index.php?rest_route=\/wp\/v2\/posts\/46371\/revisions"}],"predecessor-version":[{"id":46377,"href":"https:\/\/contraluzcucuta.co\/index.php?rest_route=\/wp\/v2\/posts\/46371\/revisions\/46377"}],"wp:featuredmedia":[{"embeddable":true,"href":"https:\/\/contraluzcucuta.co\/index.php?rest_route=\/wp\/v2\/media\/46372"}],"wp:attachment":[{"href":"https:\/\/contraluzcucuta.co\/index.php?rest_route=%2Fwp%2Fv2%2Fmedia&parent=46371"}],"wp:term":[{"taxonomy":"category","embeddable":true,"href":"https:\/\/contraluzcucuta.co\/index.php?rest_route=%2Fwp%2Fv2%2Fcategories&post=46371"},{"taxonomy":"post_tag","embeddable":true,"href":"https:\/\/contraluzcucuta.co\/index.php?rest_route=%2Fwp%2Fv2%2Ftags&post=46371"}],"curies":[{"name":"wp","href":"https:\/\/api.w.org\/{rel}","templated":true}]}}