{"id":46348,"date":"2025-12-18T18:50:07","date_gmt":"2025-12-18T23:50:07","guid":{"rendered":"https:\/\/contraluzcucuta.co\/?p=46348"},"modified":"2025-12-18T18:50:07","modified_gmt":"2025-12-18T23:50:07","slug":"barrio-23-de-enero-entregan-primeras-viviendas-a-damnificados","status":"publish","type":"post","link":"https:\/\/contraluzcucuta.co\/?p=46348","title":{"rendered":"BARRIO 23 DE ENERO. Entregan primeras viviendas a damnificados"},"content":{"rendered":"<p style=\"text-align: right;\"><strong>C\u00daCUTA.<\/strong><\/p>\n<p><strong><span style=\"color: #ff9900;\">La Alcald\u00eda entreg\u00f3 los primeros 31 apartamentos a familias damnificadas por la avenida torrencial ocurrida en el barrio 23 de Enero, tras el desbordamiento de la quebrada Tonchal\u00e1. La actividad hace parte del proceso de reasentamiento adelantado por la Unidad Nacional para la Gesti\u00f3n del Riesgo de Desastres (UNGRD).<\/span><\/strong><\/p>\n<p><a href=\"https:\/\/contraluzcucuta.co\/wp-content\/uploads\/2025\/12\/GESTION-DEL-RIESGO-23-DE-ENERO-7.jpg\"><img loading=\"lazy\" decoding=\"async\" class=\"alignnone  wp-image-46350 alignright\" src=\"https:\/\/contraluzcucuta.co\/wp-content\/uploads\/2025\/12\/GESTION-DEL-RIESGO-23-DE-ENERO-7-300x200.jpg\" alt=\"\" width=\"248\" height=\"165\" srcset=\"https:\/\/contraluzcucuta.co\/wp-content\/uploads\/2025\/12\/GESTION-DEL-RIESGO-23-DE-ENERO-7-300x200.jpg 300w, https:\/\/contraluzcucuta.co\/wp-content\/uploads\/2025\/12\/GESTION-DEL-RIESGO-23-DE-ENERO-7-1024x683.jpg 1024w, https:\/\/contraluzcucuta.co\/wp-content\/uploads\/2025\/12\/GESTION-DEL-RIESGO-23-DE-ENERO-7-768x512.jpg 768w, https:\/\/contraluzcucuta.co\/wp-content\/uploads\/2025\/12\/GESTION-DEL-RIESGO-23-DE-ENERO-7-1536x1025.jpg 1536w, https:\/\/contraluzcucuta.co\/wp-content\/uploads\/2025\/12\/GESTION-DEL-RIESGO-23-DE-ENERO-7-2048x1366.jpg 2048w, https:\/\/contraluzcucuta.co\/wp-content\/uploads\/2025\/12\/GESTION-DEL-RIESGO-23-DE-ENERO-7-310x205.jpg 310w, https:\/\/contraluzcucuta.co\/wp-content\/uploads\/2025\/12\/GESTION-DEL-RIESGO-23-DE-ENERO-7-600x400.jpg 600w\" sizes=\"auto, (max-width: 248px) 100vw, 248px\" \/><\/a><\/p>\n<p>El alcalde Jorge Acevedo acompa\u00f1\u00f3 al director de la UNGRD, Carlos Carrillo, en la entrega de las viviendas. La emergencia ocurri\u00f3 el 17 de noviembre de 2020 y oblig\u00f3 a la evacuaci\u00f3n y posterior demolici\u00f3n de las casas.<\/p>\n<p>Los apartamentos entregados est\u00e1n ubicados en el conjunto residencial Los Rosales, en El Rodeo. La entrega corresponde a la primera etapa del proyecto de reasentamiento que beneficiar\u00e1 a 66 familias. Las viviendas restantes soluciones habitacionales ser\u00e1n entregadas en el segundo trimestre del 2026.<\/p>\n<p>La secretar\u00eda de Gesti\u00f3n del Riesgo de Desastres de C\u00facuta acompa\u00f1\u00f3 a las familias beneficiadas con sic\u00f3logos, trabajadores sociales, profesionales jur\u00eddicos, ingenieros y personal t\u00e9cnico, para garantizar atenci\u00f3n social, emocional, jur\u00eddica y t\u00e9cnica durante cada fase del proceso.<\/p>\n<p>Tambi\u00e9n, entreg\u00f3 kits de noche, alimentaci\u00f3n y cocina, y kits para animales de compa\u00f1\u00eda. El acompa\u00f1amiento incluy\u00f3 orientaci\u00f3n constante, informaci\u00f3n clara y apoyo continuo durante el proceso de transici\u00f3n.<\/p>\n<p>El proyecto de reasentamiento represent\u00f3 la inversi\u00f3n de $ 8611 millones, financiados con recursos de la UNGRD, para cubrir la construcci\u00f3n de las viviendas y los gastos notariales y de registro.<\/p>\n","protected":false},"excerpt":{"rendered":"<p>C\u00daCUTA. La Alcald\u00eda entreg\u00f3 los primeros 31 apartamentos a familias damnificadas por la avenida torrencial ocurrida en el barrio 23 de Enero, tras el desbordamiento de la quebrada Tonchal\u00e1. La actividad hace parte del proceso de reasentamiento adelantado por la Unidad Nacional para la Gesti\u00f3n del Riesgo de Desastres (UNGRD). El alcalde Jorge Acevedo acompa\u00f1\u00f3 &hellip;<\/p>\n","protected":false},"author":1,"featured_media":46349,"comment_status":"open","ping_status":"open","sticky":false,"template":"","format":"standard","meta":{"footnotes":""},"categories":[4,36],"tags":[5950,5783,3441],"class_list":["post-46348","post","type-post","status-publish","format-standard","has-post-thumbnail","hentry","category-barra","category-la-voz-del-pueblo","tag-alcalde-jorge-acevedo","tag-barrio-23-de-enero","tag-ungrd"],"_links":{"self":[{"href":"https:\/\/contraluzcucuta.co\/index.php?rest_route=\/wp\/v2\/posts\/46348","targetHints":{"allow":["GET"]}}],"collection":[{"href":"https:\/\/contraluzcucuta.co\/index.php?rest_route=\/wp\/v2\/posts"}],"about":[{"href":"https:\/\/contraluzcucuta.co\/index.php?rest_route=\/wp\/v2\/types\/post"}],"author":[{"embeddable":true,"href":"https:\/\/contraluzcucuta.co\/index.php?rest_route=\/wp\/v2\/users\/1"}],"replies":[{"embeddable":true,"href":"https:\/\/contraluzcucuta.co\/index.php?rest_route=%2Fwp%2Fv2%2Fcomments&post=46348"}],"version-history":[{"count":1,"href":"https:\/\/contraluzcucuta.co\/index.php?rest_route=\/wp\/v2\/posts\/46348\/revisions"}],"predecessor-version":[{"id":46351,"href":"https:\/\/contraluzcucuta.co\/index.php?rest_route=\/wp\/v2\/posts\/46348\/revisions\/46351"}],"wp:featuredmedia":[{"embeddable":true,"href":"https:\/\/contraluzcucuta.co\/index.php?rest_route=\/wp\/v2\/media\/46349"}],"wp:attachment":[{"href":"https:\/\/contraluzcucuta.co\/index.php?rest_route=%2Fwp%2Fv2%2Fmedia&parent=46348"}],"wp:term":[{"taxonomy":"category","embeddable":true,"href":"https:\/\/contraluzcucuta.co\/index.php?rest_route=%2Fwp%2Fv2%2Fcategories&post=46348"},{"taxonomy":"post_tag","embeddable":true,"href":"https:\/\/contraluzcucuta.co\/index.php?rest_route=%2Fwp%2Fv2%2Ftags&post=46348"}],"curies":[{"name":"wp","href":"https:\/\/api.w.org\/{rel}","templated":true}]}}