{"id":46344,"date":"2025-12-17T13:45:11","date_gmt":"2025-12-17T18:45:11","guid":{"rendered":"https:\/\/contraluzcucuta.co\/?p=46344"},"modified":"2025-12-17T13:45:11","modified_gmt":"2025-12-17T18:45:11","slug":"jornada-de-titulacion-alcalde-completa-400-titulos-de-propiedad-entregados","status":"publish","type":"post","link":"https:\/\/contraluzcucuta.co\/?p=46344","title":{"rendered":"JORNADA DE TITULACI\u00d3N. Alcalde completa 400 t\u00edtulos de propiedad entregados"},"content":{"rendered":"<p style=\"text-align: right;\"><strong>C\u00daCUTA.<\/strong><\/p>\n<p><strong><span style=\"color: #ff9900;\">Veinte t\u00edtulos de propiedad, entreg\u00f3 el alcalde Jorge Acevedo para completar 400, en 2025. De esta manera se consolida un avance significativo en la formalizaci\u00f3n de predios y la garant\u00eda de seguridad jur\u00eddica para las familias cucute\u00f1as. La actividad se cumpli\u00f3 en desarrollo del programa \u2018C\u00facuta, Ciudad de Propietarios\u2019.<\/span><\/strong><\/p>\n<p><a href=\"https:\/\/contraluzcucuta.co\/wp-content\/uploads\/2025\/12\/ALCALDIA-TITULACION-1.jpg\"><img loading=\"lazy\" decoding=\"async\" class=\"alignnone  wp-image-46345 alignleft\" src=\"https:\/\/contraluzcucuta.co\/wp-content\/uploads\/2025\/12\/ALCALDIA-TITULACION-1-300x200.jpg\" alt=\"\" width=\"239\" height=\"159\" srcset=\"https:\/\/contraluzcucuta.co\/wp-content\/uploads\/2025\/12\/ALCALDIA-TITULACION-1-300x200.jpg 300w, https:\/\/contraluzcucuta.co\/wp-content\/uploads\/2025\/12\/ALCALDIA-TITULACION-1-1024x682.jpg 1024w, https:\/\/contraluzcucuta.co\/wp-content\/uploads\/2025\/12\/ALCALDIA-TITULACION-1-768x512.jpg 768w, https:\/\/contraluzcucuta.co\/wp-content\/uploads\/2025\/12\/ALCALDIA-TITULACION-1-1536x1024.jpg 1536w, https:\/\/contraluzcucuta.co\/wp-content\/uploads\/2025\/12\/ALCALDIA-TITULACION-1-2048x1365.jpg 2048w, https:\/\/contraluzcucuta.co\/wp-content\/uploads\/2025\/12\/ALCALDIA-TITULACION-1-310x205.jpg 310w, https:\/\/contraluzcucuta.co\/wp-content\/uploads\/2025\/12\/ALCALDIA-TITULACION-1-600x400.jpg 600w\" sizes=\"auto, (max-width: 239px) 100vw, 239px\" \/><\/a><\/p>\n<p>Los beneficiados de la jornada son habitantes de los barrios Nuevo Horizonte, Mar\u00eda Auxiliadora, Jer\u00f3nimo Uribe, Aguas Calientes, La Libertad, Cundinamarca y Coralinas,<\/p>\n<p>El Acevedo resalt\u00f3 la importancia del proceso para el bienestar de la ciudad. \u201cEstamos trabajando para que cada vez m\u00e1s familias tengan la certeza de que su hogar les pertenece\u201d. El compromiso es avanzar hasta cumplir la meta trazada. La titulaci\u00f3n abre puertas a nuevos beneficios y mejora la calidad de vida de nuestra gente.<\/p>\n<p>El secretario de H\u00e1bitat, David Alvarado, destac\u00f3 que \u201chemos fortalecido las estrategias para que m\u00e1s ciudadanos puedan iniciar y culminar el proceso de legalizaci\u00f3n\u201d. El equipo de trabajo est\u00e1 preparado para acompa\u00f1ar a la comunidad en cada etapa.<\/p>\n<p>El logro hace parte del programa de Titulaci\u00f3n Gratuita de Predios Fiscales, liderado por la secretar\u00eda de H\u00e1bitat y respaldado por el ministerio de Vivienda, impulsa la consolidaci\u00f3n de la ciudad con m\u00e1s oportunidades y mayor estabilidad para los habitantes.<\/p>\n","protected":false},"excerpt":{"rendered":"<p>C\u00daCUTA. Veinte t\u00edtulos de propiedad, entreg\u00f3 el alcalde Jorge Acevedo para completar 400, en 2025. De esta manera se consolida un avance significativo en la formalizaci\u00f3n de predios y la garant\u00eda de seguridad jur\u00eddica para las familias cucute\u00f1as. La actividad se cumpli\u00f3 en desarrollo del programa \u2018C\u00facuta, Ciudad de Propietarios\u2019. Los beneficiados de la jornada &hellip;<\/p>\n","protected":false},"author":1,"featured_media":46346,"comment_status":"open","ping_status":"open","sticky":false,"template":"","format":"standard","meta":{"footnotes":""},"categories":[4,36],"tags":[5950,7455,7410],"class_list":["post-46344","post","type-post","status-publish","format-standard","has-post-thumbnail","hentry","category-barra","category-la-voz-del-pueblo","tag-alcalde-jorge-acevedo","tag-cucuta-ciudad-de-propietarios","tag-secretaria-de-habitat"],"_links":{"self":[{"href":"https:\/\/contraluzcucuta.co\/index.php?rest_route=\/wp\/v2\/posts\/46344","targetHints":{"allow":["GET"]}}],"collection":[{"href":"https:\/\/contraluzcucuta.co\/index.php?rest_route=\/wp\/v2\/posts"}],"about":[{"href":"https:\/\/contraluzcucuta.co\/index.php?rest_route=\/wp\/v2\/types\/post"}],"author":[{"embeddable":true,"href":"https:\/\/contraluzcucuta.co\/index.php?rest_route=\/wp\/v2\/users\/1"}],"replies":[{"embeddable":true,"href":"https:\/\/contraluzcucuta.co\/index.php?rest_route=%2Fwp%2Fv2%2Fcomments&post=46344"}],"version-history":[{"count":1,"href":"https:\/\/contraluzcucuta.co\/index.php?rest_route=\/wp\/v2\/posts\/46344\/revisions"}],"predecessor-version":[{"id":46347,"href":"https:\/\/contraluzcucuta.co\/index.php?rest_route=\/wp\/v2\/posts\/46344\/revisions\/46347"}],"wp:featuredmedia":[{"embeddable":true,"href":"https:\/\/contraluzcucuta.co\/index.php?rest_route=\/wp\/v2\/media\/46346"}],"wp:attachment":[{"href":"https:\/\/contraluzcucuta.co\/index.php?rest_route=%2Fwp%2Fv2%2Fmedia&parent=46344"}],"wp:term":[{"taxonomy":"category","embeddable":true,"href":"https:\/\/contraluzcucuta.co\/index.php?rest_route=%2Fwp%2Fv2%2Fcategories&post=46344"},{"taxonomy":"post_tag","embeddable":true,"href":"https:\/\/contraluzcucuta.co\/index.php?rest_route=%2Fwp%2Fv2%2Ftags&post=46344"}],"curies":[{"name":"wp","href":"https:\/\/api.w.org\/{rel}","templated":true}]}}