{"id":46313,"date":"2025-12-12T15:43:34","date_gmt":"2025-12-12T20:43:34","guid":{"rendered":"https:\/\/contraluzcucuta.co\/?p=46313"},"modified":"2025-12-12T15:45:14","modified_gmt":"2025-12-12T20:45:14","slug":"reconocimiento-cucuta-recibe-el-premio-a-la-mejor-ciclovia-del-pais","status":"publish","type":"post","link":"https:\/\/contraluzcucuta.co\/?p=46313","title":{"rendered":"RECONOCIMIENTO. C\u00facuta recibe el premio a la mejor ciclov\u00eda del pa\u00eds"},"content":{"rendered":"<p style=\"text-align: right;\"><strong>C\u00daCUTA.<\/strong><\/p>\n<p><strong><span style=\"color: #ff9900;\">El ministerio del Deporte reconoci\u00f3 a C\u00facuta como ciudad destacada en la promoci\u00f3n de los H\u00e1bitos y Estilos de Vida Saludable. El despacho nacional otorg\u00f3 a la capital de Norte de Santander el premio a la Mejor Ciclov\u00eda de Colombia.<\/span><\/strong><\/p>\n<p>&nbsp;<\/p>\n<p><a href=\"https:\/\/contraluzcucuta.co\/wp-content\/uploads\/2025\/12\/IMRD-RECONOCIMIENTO-1.jpg\"><img loading=\"lazy\" decoding=\"async\" class=\"alignnone wp-image-46314 alignleft\" src=\"https:\/\/contraluzcucuta.co\/wp-content\/uploads\/2025\/12\/IMRD-RECONOCIMIENTO-1-300x200.jpg\" alt=\"\" width=\"252\" height=\"168\" srcset=\"https:\/\/contraluzcucuta.co\/wp-content\/uploads\/2025\/12\/IMRD-RECONOCIMIENTO-1-300x200.jpg 300w, https:\/\/contraluzcucuta.co\/wp-content\/uploads\/2025\/12\/IMRD-RECONOCIMIENTO-1-1024x682.jpg 1024w, https:\/\/contraluzcucuta.co\/wp-content\/uploads\/2025\/12\/IMRD-RECONOCIMIENTO-1-768x511.jpg 768w, https:\/\/contraluzcucuta.co\/wp-content\/uploads\/2025\/12\/IMRD-RECONOCIMIENTO-1-310x205.jpg 310w, https:\/\/contraluzcucuta.co\/wp-content\/uploads\/2025\/12\/IMRD-RECONOCIMIENTO-1-600x400.jpg 600w, https:\/\/contraluzcucuta.co\/wp-content\/uploads\/2025\/12\/IMRD-RECONOCIMIENTO-1.jpg 1440w\" sizes=\"auto, (max-width: 252px) 100vw, 252px\" \/><\/a><\/p>\n<p>El reconocimiento lo recibi\u00f3 el director del IMRD, Jorge William Correa, en representaci\u00f3n de la ciudad. El logro fue posible con apoyo del alcalde Jorge Acevedo y al esfuerzo permanente del equipo del Instituto. Cada mi\u00e9rcoles y domingo hay ciclov\u00eda, hoy referente nacional.<\/p>\n<p>El ministerio del Deporte exalt\u00f3 a gestores, municipios y departamentos comprometidos con la actividad f\u00edsica. C\u00facuta alcanz\u00f3 varios galardones:<\/p>\n<ul>\n<li>Mejor gestor municipal: Javier Enrique Cantillo (C\u00facuta).<\/li>\n<li>Mejor celebraci\u00f3n del D\u00eda Mundial de la Actividad F\u00edsica: Norte de Santander.<\/li>\n<li>Mejor monitor municipal: Anderson Rafael Contreras (C\u00facuta).<\/li>\n<li>Mejor programa municipal: C\u00facuta.<\/li>\n<\/ul>\n<p>Reconocimiento especial:<\/p>\n<ul>\n<li>V\u00edas Activas y Saludables: C\u00facuta<\/li>\n<\/ul>\n","protected":false},"excerpt":{"rendered":"<p>C\u00daCUTA. El ministerio del Deporte reconoci\u00f3 a C\u00facuta como ciudad destacada en la promoci\u00f3n de los H\u00e1bitos y Estilos de Vida Saludable. El despacho nacional otorg\u00f3 a la capital de Norte de Santander el premio a la Mejor Ciclov\u00eda de Colombia. &nbsp; El reconocimiento lo recibi\u00f3 el director del IMRD, Jorge William Correa, en representaci\u00f3n &hellip;<\/p>\n","protected":false},"author":1,"featured_media":46315,"comment_status":"open","ping_status":"open","sticky":false,"template":"","format":"standard","meta":{"footnotes":""},"categories":[4,28],"tags":[7444,6094,7442,7443,5055],"class_list":["post-46313","post","type-post","status-publish","format-standard","has-post-thumbnail","hentry","category-barra","category-vistazo-deportivo","tag-actividad-fisica","tag-director-imrd","tag-habitos-y-estilos-de-vida-saludable","tag-mejor-ciclovia-de-colombia","tag-ministerio-del-deporte"],"_links":{"self":[{"href":"https:\/\/contraluzcucuta.co\/index.php?rest_route=\/wp\/v2\/posts\/46313","targetHints":{"allow":["GET"]}}],"collection":[{"href":"https:\/\/contraluzcucuta.co\/index.php?rest_route=\/wp\/v2\/posts"}],"about":[{"href":"https:\/\/contraluzcucuta.co\/index.php?rest_route=\/wp\/v2\/types\/post"}],"author":[{"embeddable":true,"href":"https:\/\/contraluzcucuta.co\/index.php?rest_route=\/wp\/v2\/users\/1"}],"replies":[{"embeddable":true,"href":"https:\/\/contraluzcucuta.co\/index.php?rest_route=%2Fwp%2Fv2%2Fcomments&post=46313"}],"version-history":[{"count":1,"href":"https:\/\/contraluzcucuta.co\/index.php?rest_route=\/wp\/v2\/posts\/46313\/revisions"}],"predecessor-version":[{"id":46317,"href":"https:\/\/contraluzcucuta.co\/index.php?rest_route=\/wp\/v2\/posts\/46313\/revisions\/46317"}],"wp:featuredmedia":[{"embeddable":true,"href":"https:\/\/contraluzcucuta.co\/index.php?rest_route=\/wp\/v2\/media\/46315"}],"wp:attachment":[{"href":"https:\/\/contraluzcucuta.co\/index.php?rest_route=%2Fwp%2Fv2%2Fmedia&parent=46313"}],"wp:term":[{"taxonomy":"category","embeddable":true,"href":"https:\/\/contraluzcucuta.co\/index.php?rest_route=%2Fwp%2Fv2%2Fcategories&post=46313"},{"taxonomy":"post_tag","embeddable":true,"href":"https:\/\/contraluzcucuta.co\/index.php?rest_route=%2Fwp%2Fv2%2Ftags&post=46313"}],"curies":[{"name":"wp","href":"https:\/\/api.w.org\/{rel}","templated":true}]}}