{"id":46253,"date":"2025-12-03T15:39:28","date_gmt":"2025-12-03T20:39:28","guid":{"rendered":"https:\/\/contraluzcucuta.co\/?p=46253"},"modified":"2025-12-03T15:39:28","modified_gmt":"2025-12-03T20:39:28","slug":"convenio-vial-intervendran-tramo-chorro-colorado-toledo-alto-de-mejue","status":"publish","type":"post","link":"https:\/\/contraluzcucuta.co\/?p=46253","title":{"rendered":"CONVENIO VIAL. Intervendr\u00e1n tramo Chorro Colorado \u2013 Toledo \u2013 Alto de Meju\u00e9"},"content":{"rendered":"<p style=\"text-align: right;\"><strong>C\u00daCUTA.<\/strong><\/p>\n<p><strong><span style=\"color: #ff9900;\">4,5 kil\u00f3metros de puntos cr\u00edticos en la v\u00eda Chorro Colorado \u2013 Toledo \u2013 Alto de Meju\u00e9 ser\u00e1n intervenidos tras la firma del convenio de mantenimiento suscrito por la secretar\u00eda de V\u00edas y la Alcald\u00eda de Toledo. El corredor vial contempla la extensi\u00f3n total de 22 kil\u00f3metros.<\/span><\/strong><\/p>\n<p>El convenio incluye labores de perfilado, cuneteo y acciones t\u00e9cnicas necesarias para mejorar las condiciones de movilidad. La v\u00eda secundaria conecta a Toledo con zonas estrat\u00e9gicas del departamento.<\/p>\n<p>La secretaria de V\u00edas, Mary Leal Garay, asegur\u00f3 que el proyecto hace parte del compromiso trazado en el Plan de Desarrollo Departamental. \u201cEste convenio refleja la decisi\u00f3n del gobernador William Villamizar de intervenir nuestros corredores rurales y secundarios con obras que realmente transformen el territorio\u201d.<\/p>\n<p>El alcalde de Toledo, Carlos Prada, celebr\u00f3 la firma del convenio y el comienzo de las acciones de mejoramiento vial. \u201cPara nuestro municipio esta intervenci\u00f3n es fundamental. Hoy, sabemos que Toledo avanza gracias a este trabajo conjunto\u201d.<\/p>\n<p>La Gobernaci\u00f3n de Norte de Santander fortalece la infraestructura vial y contribuye a consolidar un Norte, territorio de paz.<\/p>\n<p>Luis Tob\u00f3n &#8211; @GoberNorte<\/p>\n","protected":false},"excerpt":{"rendered":"<p>C\u00daCUTA. 4,5 kil\u00f3metros de puntos cr\u00edticos en la v\u00eda Chorro Colorado \u2013 Toledo \u2013 Alto de Meju\u00e9 ser\u00e1n intervenidos tras la firma del convenio de mantenimiento suscrito por la secretar\u00eda de V\u00edas y la Alcald\u00eda de Toledo. El corredor vial contempla la extensi\u00f3n total de 22 kil\u00f3metros. El convenio incluye labores de perfilado, cuneteo y &hellip;<\/p>\n","protected":false},"author":1,"featured_media":46254,"comment_status":"open","ping_status":"open","sticky":false,"template":"","format":"standard","meta":{"footnotes":""},"categories":[4,6],"tags":[3328,7428,7161],"class_list":["post-46253","post","type-post","status-publish","format-standard","has-post-thumbnail","hentry","category-barra","category-ojo-avizor","tag-alcaldia-de-toledo","tag-alto-de-mejue","tag-secretaria-de-vias-de-norte-de-santander"],"_links":{"self":[{"href":"https:\/\/contraluzcucuta.co\/index.php?rest_route=\/wp\/v2\/posts\/46253","targetHints":{"allow":["GET"]}}],"collection":[{"href":"https:\/\/contraluzcucuta.co\/index.php?rest_route=\/wp\/v2\/posts"}],"about":[{"href":"https:\/\/contraluzcucuta.co\/index.php?rest_route=\/wp\/v2\/types\/post"}],"author":[{"embeddable":true,"href":"https:\/\/contraluzcucuta.co\/index.php?rest_route=\/wp\/v2\/users\/1"}],"replies":[{"embeddable":true,"href":"https:\/\/contraluzcucuta.co\/index.php?rest_route=%2Fwp%2Fv2%2Fcomments&post=46253"}],"version-history":[{"count":1,"href":"https:\/\/contraluzcucuta.co\/index.php?rest_route=\/wp\/v2\/posts\/46253\/revisions"}],"predecessor-version":[{"id":46255,"href":"https:\/\/contraluzcucuta.co\/index.php?rest_route=\/wp\/v2\/posts\/46253\/revisions\/46255"}],"wp:featuredmedia":[{"embeddable":true,"href":"https:\/\/contraluzcucuta.co\/index.php?rest_route=\/wp\/v2\/media\/46254"}],"wp:attachment":[{"href":"https:\/\/contraluzcucuta.co\/index.php?rest_route=%2Fwp%2Fv2%2Fmedia&parent=46253"}],"wp:term":[{"taxonomy":"category","embeddable":true,"href":"https:\/\/contraluzcucuta.co\/index.php?rest_route=%2Fwp%2Fv2%2Fcategories&post=46253"},{"taxonomy":"post_tag","embeddable":true,"href":"https:\/\/contraluzcucuta.co\/index.php?rest_route=%2Fwp%2Fv2%2Ftags&post=46253"}],"curies":[{"name":"wp","href":"https:\/\/api.w.org\/{rel}","templated":true}]}}