{"id":46239,"date":"2025-12-02T12:54:06","date_gmt":"2025-12-02T17:54:06","guid":{"rendered":"https:\/\/contraluzcucuta.co\/?p=46239"},"modified":"2025-12-02T12:54:06","modified_gmt":"2025-12-02T17:54:06","slug":"escritores-por-un-dia-cierre-de-la-estrategia-lleno-de-arte-y-memoria-a-buena-esperanza","status":"publish","type":"post","link":"https:\/\/contraluzcucuta.co\/?p=46239","title":{"rendered":"ESCRITORES POR UN D\u00cdA. Cierre de la estrategia llen\u00f3 de arte y memoria a Buena Esperanza"},"content":{"rendered":"<p style=\"text-align: right;\"><strong>C\u00daCUTA.<\/strong><\/p>\n<p><strong><span style=\"color: #ff9900;\">Treinta y cinco abuelitos del corregimiento Buena Esperanza se reunieron para vivir la jornada dedicada a la lectura, la m\u00fasica y la expresi\u00f3n art\u00edstica. En ambiente navide\u00f1o, los participantes cantaron villancicos, compartieron actividades l\u00fadicas y exploraron la literatura para recordar, crear y so\u00f1ar.<\/span><\/strong><\/p>\n<p><a href=\"https:\/\/contraluzcucuta.co\/wp-content\/uploads\/2025\/12\/ESCRITORES-POR-UN-DIA-3.jpg\"><img loading=\"lazy\" decoding=\"async\" class=\"alignnone  wp-image-46240 alignleft\" src=\"https:\/\/contraluzcucuta.co\/wp-content\/uploads\/2025\/12\/ESCRITORES-POR-UN-DIA-3-300x225.jpg\" alt=\"\" width=\"251\" height=\"188\" srcset=\"https:\/\/contraluzcucuta.co\/wp-content\/uploads\/2025\/12\/ESCRITORES-POR-UN-DIA-3-300x225.jpg 300w, https:\/\/contraluzcucuta.co\/wp-content\/uploads\/2025\/12\/ESCRITORES-POR-UN-DIA-3-1024x768.jpg 1024w, https:\/\/contraluzcucuta.co\/wp-content\/uploads\/2025\/12\/ESCRITORES-POR-UN-DIA-3-768x576.jpg 768w, https:\/\/contraluzcucuta.co\/wp-content\/uploads\/2025\/12\/ESCRITORES-POR-UN-DIA-3-600x450.jpg 600w, https:\/\/contraluzcucuta.co\/wp-content\/uploads\/2025\/12\/ESCRITORES-POR-UN-DIA-3.jpg 1280w\" sizes=\"auto, (max-width: 251px) 100vw, 251px\" \/><\/a><\/p>\n<p>La actividad hizo parte del cierre de la estrategia \u2018Escritores por un D\u00eda\u2019. La iniciativa, durante el a\u00f1o, se desarroll\u00f3 en los barrios Mar\u00eda Teresa, Bel\u00e9n y Antonia Santos, y los corregimientos Carmen de Tonchal\u00e1 y Buena Esperanza. Participaron 394 cucute\u00f1os que encontraron en este espacio la oportunidad para expresarse, aprender y conectarse por la palabra.<\/p>\n<p>Un momento especial fue la din\u00e1mica \u2018En el \u00e1rbol de los sue\u00f1os pon tu recuerdo m\u00e1s preciado\u2019. Cada adulto mayor escribi\u00f3 y comparti\u00f3 memorias que guardan el significado profundo en sus vidas.<\/p>\n<p>La jornada cont\u00f3 con apoyo de la Red Municipal de Lectura y Escritura de C\u00facuta, la secretar\u00eda de Cultura y Patrimonio, la Alcald\u00eda de C\u00facuta y la Biblioteca P\u00fablica de la vereda Puerto Nuevo. Las instituciones impulsan acciones que acercan la cultura a la zona rural y promueven el bienestar emocional y creativo de la comunidad.<\/p>\n","protected":false},"excerpt":{"rendered":"<p>C\u00daCUTA. Treinta y cinco abuelitos del corregimiento Buena Esperanza se reunieron para vivir la jornada dedicada a la lectura, la m\u00fasica y la expresi\u00f3n art\u00edstica. En ambiente navide\u00f1o, los participantes cantaron villancicos, compartieron actividades l\u00fadicas y exploraron la literatura para recordar, crear y so\u00f1ar. La actividad hizo parte del cierre de la estrategia \u2018Escritores por &hellip;<\/p>\n","protected":false},"author":1,"featured_media":46241,"comment_status":"open","ping_status":"open","sticky":false,"template":"","format":"standard","meta":{"footnotes":""},"categories":[4,37],"tags":[7426,2959,7086,6685],"class_list":["post-46239","post","type-post","status-publish","format-standard","has-post-thumbnail","hentry","category-barra","category-paseo-cultural","tag-buena-esperanza","tag-carmen-de-tonchala","tag-escritores-por-un-dia","tag-red-municipal-de-lectura-y-escritura"],"_links":{"self":[{"href":"https:\/\/contraluzcucuta.co\/index.php?rest_route=\/wp\/v2\/posts\/46239","targetHints":{"allow":["GET"]}}],"collection":[{"href":"https:\/\/contraluzcucuta.co\/index.php?rest_route=\/wp\/v2\/posts"}],"about":[{"href":"https:\/\/contraluzcucuta.co\/index.php?rest_route=\/wp\/v2\/types\/post"}],"author":[{"embeddable":true,"href":"https:\/\/contraluzcucuta.co\/index.php?rest_route=\/wp\/v2\/users\/1"}],"replies":[{"embeddable":true,"href":"https:\/\/contraluzcucuta.co\/index.php?rest_route=%2Fwp%2Fv2%2Fcomments&post=46239"}],"version-history":[{"count":1,"href":"https:\/\/contraluzcucuta.co\/index.php?rest_route=\/wp\/v2\/posts\/46239\/revisions"}],"predecessor-version":[{"id":46242,"href":"https:\/\/contraluzcucuta.co\/index.php?rest_route=\/wp\/v2\/posts\/46239\/revisions\/46242"}],"wp:featuredmedia":[{"embeddable":true,"href":"https:\/\/contraluzcucuta.co\/index.php?rest_route=\/wp\/v2\/media\/46241"}],"wp:attachment":[{"href":"https:\/\/contraluzcucuta.co\/index.php?rest_route=%2Fwp%2Fv2%2Fmedia&parent=46239"}],"wp:term":[{"taxonomy":"category","embeddable":true,"href":"https:\/\/contraluzcucuta.co\/index.php?rest_route=%2Fwp%2Fv2%2Fcategories&post=46239"},{"taxonomy":"post_tag","embeddable":true,"href":"https:\/\/contraluzcucuta.co\/index.php?rest_route=%2Fwp%2Fv2%2Ftags&post=46239"}],"curies":[{"name":"wp","href":"https:\/\/api.w.org\/{rel}","templated":true}]}}