{"id":46234,"date":"2025-12-01T14:57:35","date_gmt":"2025-12-01T19:57:35","guid":{"rendered":"https:\/\/contraluzcucuta.co\/?p=46234"},"modified":"2025-12-01T14:57:35","modified_gmt":"2025-12-01T19:57:35","slug":"inversiones-estrategicas-fortalecen-competitividad-palmera-de-el-catatumbo","status":"publish","type":"post","link":"https:\/\/contraluzcucuta.co\/?p=46234","title":{"rendered":"INVERSIONES ESTRAT\u00c9GICAS. Fortalecen competitividad palmera de El Catatumbo"},"content":{"rendered":"<p style=\"text-align: right;\"><strong>C\u00daCUTA.<\/strong><\/p>\n<p><strong><span style=\"color: #ff9900;\">En el encuentro nacional Di\u00e1logos Palmeros, en el Club Comercio de C\u00facuta, el gobernador de Norte de Santander, William Villamizar, anunci\u00f3 un paquete de inversiones. Las gestiones estrat\u00e9gicas impulsar\u00e1n la competitividad del sector palmero y fortalecer\u00e1n la infraestructura vial que conecta a Astilleros con Tib\u00fa y el corredor productivo de la regi\u00f3n.<\/span><\/strong><\/p>\n<p><a href=\"https:\/\/contraluzcucuta.co\/wp-content\/uploads\/2025\/12\/CATATUMBO-DIALOGOS-PALMEROS-1.jpg\"><img loading=\"lazy\" decoding=\"async\" class=\"alignnone  wp-image-46235 alignleft\" src=\"https:\/\/contraluzcucuta.co\/wp-content\/uploads\/2025\/12\/CATATUMBO-DIALOGOS-PALMEROS-1-300x200.jpg\" alt=\"\" width=\"248\" height=\"165\" srcset=\"https:\/\/contraluzcucuta.co\/wp-content\/uploads\/2025\/12\/CATATUMBO-DIALOGOS-PALMEROS-1-300x200.jpg 300w, https:\/\/contraluzcucuta.co\/wp-content\/uploads\/2025\/12\/CATATUMBO-DIALOGOS-PALMEROS-1-1024x683.jpg 1024w, https:\/\/contraluzcucuta.co\/wp-content\/uploads\/2025\/12\/CATATUMBO-DIALOGOS-PALMEROS-1-768x512.jpg 768w, https:\/\/contraluzcucuta.co\/wp-content\/uploads\/2025\/12\/CATATUMBO-DIALOGOS-PALMEROS-1-310x205.jpg 310w, https:\/\/contraluzcucuta.co\/wp-content\/uploads\/2025\/12\/CATATUMBO-DIALOGOS-PALMEROS-1-600x400.jpg 600w, https:\/\/contraluzcucuta.co\/wp-content\/uploads\/2025\/12\/CATATUMBO-DIALOGOS-PALMEROS-1.jpg 1280w\" sizes=\"auto, (max-width: 248px) 100vw, 248px\" \/><\/a><\/p>\n<p>Ante 170 palmicultores de El Catatumbo hizo los siguientes anuncios:<\/p>\n<p>Reactivaci\u00f3n y continuidad de contratos claves<\/p>\n<ul>\n<li>Contrato con AGM, que avanza en la pavimentaci\u00f3n de 13 kil\u00f3metros y la intervenci\u00f3n de puentes y pontones.<\/li>\n<li>Reanudaci\u00f3n del contrato con Deseco, financiado con recursos del OCAD Paz, que permitir\u00e1 pavimentar 7 kil\u00f3metros adicionales y recuperar dos puentes, tras resolver ajustes t\u00e9cnicos y administrativos.<\/li>\n<\/ul>\n<p>Inversiones por tramos, garantizadas y financiadas<\/p>\n<ul>\n<li>Kil\u00f3metro 0 al 8: Inversi\u00f3n de $ 19.000 millones provenientes del cr\u00e9dito aprobado por la Asamblea. Reposici\u00f3n total de la v\u00eda y una capa de rodadura de 10 a 12 cm.<\/li>\n<li>Kil\u00f3metro 8 al 17: Recursos de regal\u00edas por $ 50.000 millones (vigencias futuras). Intervenci\u00f3n integral: recuperaci\u00f3n, bacheo y capa completa.<\/li>\n<li>Kil\u00f3metro 17 al 27: Proyecto estructurado para obras por impuestos por $ 50.000 millones, con posibilidad de aumentar el monto.<\/li>\n<li>Kil\u00f3metro 27 al 31: Gesti\u00f3n ante Inv\u00edas para financiar la construcci\u00f3n del puente sobre el r\u00edo Presidente y el puente en Campo Dos, con el fin de habilitar completamente el tramo.<\/li>\n<\/ul>\n<p><a href=\"https:\/\/contraluzcucuta.co\/wp-content\/uploads\/2025\/12\/CATATUMBO-DIALOGOS-PALMEROS-3.jpg\"><img loading=\"lazy\" decoding=\"async\" class=\"alignnone  wp-image-46237 alignright\" src=\"https:\/\/contraluzcucuta.co\/wp-content\/uploads\/2025\/12\/CATATUMBO-DIALOGOS-PALMEROS-3-300x200.jpg\" alt=\"\" width=\"246\" height=\"164\" srcset=\"https:\/\/contraluzcucuta.co\/wp-content\/uploads\/2025\/12\/CATATUMBO-DIALOGOS-PALMEROS-3-300x200.jpg 300w, https:\/\/contraluzcucuta.co\/wp-content\/uploads\/2025\/12\/CATATUMBO-DIALOGOS-PALMEROS-3-1024x683.jpg 1024w, https:\/\/contraluzcucuta.co\/wp-content\/uploads\/2025\/12\/CATATUMBO-DIALOGOS-PALMEROS-3-768x512.jpg 768w, https:\/\/contraluzcucuta.co\/wp-content\/uploads\/2025\/12\/CATATUMBO-DIALOGOS-PALMEROS-3-310x205.jpg 310w, https:\/\/contraluzcucuta.co\/wp-content\/uploads\/2025\/12\/CATATUMBO-DIALOGOS-PALMEROS-3-600x400.jpg 600w, https:\/\/contraluzcucuta.co\/wp-content\/uploads\/2025\/12\/CATATUMBO-DIALOGOS-PALMEROS-3.jpg 1280w\" sizes=\"auto, (max-width: 246px) 100vw, 246px\" \/><\/a><\/p>\n<p>Recursos nacionales y del Pacto Catatumbo<\/p>\n<ul>\n<li>El Pacto Catatumbo tiene aprobados m\u00e1s de $ 600.000 millones para las obras entre Tib\u00fa, El Tarra y Convenci\u00f3n, recursos que ser\u00e1n socializados en los pr\u00f3ximos d\u00edas en Bogot\u00e1.<\/li>\n<li>Convenio por $ 20.000 millones, derivado del Estado de Conmoci\u00f3n Interior, para iniciar intervenciones adicionales a lo largo de la v\u00eda.<\/li>\n<li>Convertir a El Catatumbo en \u201cla gran despensa agr\u00edcola del pa\u00eds y de la hermana Rep\u00fablica Bolivariana de Venezuela\u201d, en palma, cacao, caf\u00e9, ganader\u00eda y miner\u00eda, productos que llegan a mercados nacionales e internacionales.<\/li>\n<li>Avance en el estudio de prefactibilidad del Tren del Catatumbo, financiado con $ 7000 millones por el Gobierno, y que pasar\u00e1 a fase de factibilidad, paso clave para atraer inversi\u00f3n privada y generar contratos de participaci\u00f3n log\u00edstica con productores y empresarios de la regi\u00f3n.<\/li>\n<\/ul>\n<p>El Centro de Eventos y Exposiciones de C\u00facuta, en el antiguo lote de la plaza de toros, avanza en 50 % de ejecuci\u00f3n y ser\u00e1 inaugurado el pr\u00f3ximo a\u00f1o. All\u00ed podr\u00e1 convocarse el Congreso de Palmeros, ferias de moda, calzado, arcilla y otros sectores.<\/p>\n<p>Luis Tob\u00f3n &#8211; @GoberNorte<\/p>\n","protected":false},"excerpt":{"rendered":"<p>C\u00daCUTA. En el encuentro nacional Di\u00e1logos Palmeros, en el Club Comercio de C\u00facuta, el gobernador de Norte de Santander, William Villamizar, anunci\u00f3 un paquete de inversiones. Las gestiones estrat\u00e9gicas impulsar\u00e1n la competitividad del sector palmero y fortalecer\u00e1n la infraestructura vial que conecta a Astilleros con Tib\u00fa y el corredor productivo de la regi\u00f3n. Ante 170 &hellip;<\/p>\n","protected":false},"author":1,"featured_media":46236,"comment_status":"open","ping_status":"open","sticky":false,"template":"","format":"standard","meta":{"footnotes":""},"categories":[45,4],"tags":[7425,246,1370,6455],"class_list":["post-46234","post","type-post","status-publish","format-standard","has-post-thumbnail","hentry","category-destacado","category-barra","tag-dialogos-palmeros","tag-el-catatumbo","tag-gobernador-de-norte-de-santander","tag-pacto-catatumbo"],"_links":{"self":[{"href":"https:\/\/contraluzcucuta.co\/index.php?rest_route=\/wp\/v2\/posts\/46234","targetHints":{"allow":["GET"]}}],"collection":[{"href":"https:\/\/contraluzcucuta.co\/index.php?rest_route=\/wp\/v2\/posts"}],"about":[{"href":"https:\/\/contraluzcucuta.co\/index.php?rest_route=\/wp\/v2\/types\/post"}],"author":[{"embeddable":true,"href":"https:\/\/contraluzcucuta.co\/index.php?rest_route=\/wp\/v2\/users\/1"}],"replies":[{"embeddable":true,"href":"https:\/\/contraluzcucuta.co\/index.php?rest_route=%2Fwp%2Fv2%2Fcomments&post=46234"}],"version-history":[{"count":1,"href":"https:\/\/contraluzcucuta.co\/index.php?rest_route=\/wp\/v2\/posts\/46234\/revisions"}],"predecessor-version":[{"id":46238,"href":"https:\/\/contraluzcucuta.co\/index.php?rest_route=\/wp\/v2\/posts\/46234\/revisions\/46238"}],"wp:featuredmedia":[{"embeddable":true,"href":"https:\/\/contraluzcucuta.co\/index.php?rest_route=\/wp\/v2\/media\/46236"}],"wp:attachment":[{"href":"https:\/\/contraluzcucuta.co\/index.php?rest_route=%2Fwp%2Fv2%2Fmedia&parent=46234"}],"wp:term":[{"taxonomy":"category","embeddable":true,"href":"https:\/\/contraluzcucuta.co\/index.php?rest_route=%2Fwp%2Fv2%2Fcategories&post=46234"},{"taxonomy":"post_tag","embeddable":true,"href":"https:\/\/contraluzcucuta.co\/index.php?rest_route=%2Fwp%2Fv2%2Ftags&post=46234"}],"curies":[{"name":"wp","href":"https:\/\/api.w.org\/{rel}","templated":true}]}}