{"id":46098,"date":"2025-11-16T09:42:27","date_gmt":"2025-11-16T14:42:27","guid":{"rendered":"https:\/\/contraluzcucuta.co\/?p=46098"},"modified":"2025-11-16T09:42:27","modified_gmt":"2025-11-16T14:42:27","slug":"entre-libros-y-sonrisas-cucuta-celebro-el-cierre-del-maraton-de-lectura","status":"publish","type":"post","link":"https:\/\/contraluzcucuta.co\/?p=46098","title":{"rendered":"ENTRE LIBROS Y SONRISAS. C\u00facuta celebr\u00f3 el cierre del Marat\u00f3n de Lectura"},"content":{"rendered":"<p style=\"text-align: right;\"><strong>C\u00daCUTA.<\/strong><\/p>\n<p><strong><span style=\"color: #ff9900;\">La Red Municipal de Lectura y Escritura de C\u00facuta, con apoyo de la secretar\u00eda de Cultura y Patrimonio y la Alcald\u00eda de C\u00facuta, llev\u00f3 a cabo el cierre del Marat\u00f3n de Lectura. La iniciativa, a lo largo del desarrollo, atendi\u00f3 a 472 participantes en los barrios Centro, Mar\u00eda Teresa, El Para\u00edso, Cundinamarca, San Miguel, Sevilla y Scalabrini.<\/span><\/strong><\/p>\n<p><a href=\"https:\/\/contraluzcucuta.co\/wp-content\/uploads\/2025\/11\/RED-DE-LECTURA-2.jpg\"><img loading=\"lazy\" decoding=\"async\" class=\"alignnone  wp-image-46100 alignright\" src=\"https:\/\/contraluzcucuta.co\/wp-content\/uploads\/2025\/11\/RED-DE-LECTURA-2-224x300.jpg\" alt=\"\" width=\"208\" height=\"279\" srcset=\"https:\/\/contraluzcucuta.co\/wp-content\/uploads\/2025\/11\/RED-DE-LECTURA-2-224x300.jpg 224w, https:\/\/contraluzcucuta.co\/wp-content\/uploads\/2025\/11\/RED-DE-LECTURA-2-765x1024.jpg 765w, https:\/\/contraluzcucuta.co\/wp-content\/uploads\/2025\/11\/RED-DE-LECTURA-2-768x1027.jpg 768w, https:\/\/contraluzcucuta.co\/wp-content\/uploads\/2025\/11\/RED-DE-LECTURA-2-1148x1536.jpg 1148w, https:\/\/contraluzcucuta.co\/wp-content\/uploads\/2025\/11\/RED-DE-LECTURA-2-600x803.jpg 600w, https:\/\/contraluzcucuta.co\/wp-content\/uploads\/2025\/11\/RED-DE-LECTURA-2.jpg 1196w\" sizes=\"auto, (max-width: 208px) 100vw, 208px\" \/><\/a><\/p>\n<p>La actividad tuvo lugar en Scalabrini, donde miembros de la comunidad y estudiantes de cuarto grado del colegio Juan Bautista Scalabrini se reunieron para disfrutar la tarde llena de cuentos, historias y diversi\u00f3n.<\/p>\n<p>El Marat\u00f3n de Lectura ofreci\u00f3 espacios dise\u00f1ados para acercar a ni\u00f1os, j\u00f3venes y adultos a la literatura mediante actividades l\u00fadicas y pedag\u00f3gicas que fomentan el gusto por la lectura.<\/p>\n<p>La iniciativa impuls\u00f3:<\/p>\n<ul>\n<li>La imaginaci\u00f3n y el pensamiento cr\u00edtico<\/li>\n<li>Explorar obras que transmiten valores y ense\u00f1anzas aplicables a la vida cotidiana<\/li>\n<li>Conectar el legado literario del pasado con las experiencias actuales<\/li>\n<li>El v\u00ednculo de la comunidad con la cultura escrita.<\/li>\n<\/ul>\n","protected":false},"excerpt":{"rendered":"<p>C\u00daCUTA. La Red Municipal de Lectura y Escritura de C\u00facuta, con apoyo de la secretar\u00eda de Cultura y Patrimonio y la Alcald\u00eda de C\u00facuta, llev\u00f3 a cabo el cierre del Marat\u00f3n de Lectura. La iniciativa, a lo largo del desarrollo, atendi\u00f3 a 472 participantes en los barrios Centro, Mar\u00eda Teresa, El Para\u00edso, Cundinamarca, San Miguel, &hellip;<\/p>\n","protected":false},"author":1,"featured_media":46099,"comment_status":"open","ping_status":"open","sticky":false,"template":"","format":"standard","meta":{"footnotes":""},"categories":[4,37],"tags":[226,7087,6685,603],"class_list":["post-46098","post","type-post","status-publish","format-standard","has-post-thumbnail","hentry","category-barra","category-paseo-cultural","tag-alcaldia-de-cucuta","tag-maraton-de-lectura","tag-red-municipal-de-lectura-y-escritura","tag-secretaria-de-cultura-de-cucuta"],"_links":{"self":[{"href":"https:\/\/contraluzcucuta.co\/index.php?rest_route=\/wp\/v2\/posts\/46098","targetHints":{"allow":["GET"]}}],"collection":[{"href":"https:\/\/contraluzcucuta.co\/index.php?rest_route=\/wp\/v2\/posts"}],"about":[{"href":"https:\/\/contraluzcucuta.co\/index.php?rest_route=\/wp\/v2\/types\/post"}],"author":[{"embeddable":true,"href":"https:\/\/contraluzcucuta.co\/index.php?rest_route=\/wp\/v2\/users\/1"}],"replies":[{"embeddable":true,"href":"https:\/\/contraluzcucuta.co\/index.php?rest_route=%2Fwp%2Fv2%2Fcomments&post=46098"}],"version-history":[{"count":1,"href":"https:\/\/contraluzcucuta.co\/index.php?rest_route=\/wp\/v2\/posts\/46098\/revisions"}],"predecessor-version":[{"id":46101,"href":"https:\/\/contraluzcucuta.co\/index.php?rest_route=\/wp\/v2\/posts\/46098\/revisions\/46101"}],"wp:featuredmedia":[{"embeddable":true,"href":"https:\/\/contraluzcucuta.co\/index.php?rest_route=\/wp\/v2\/media\/46099"}],"wp:attachment":[{"href":"https:\/\/contraluzcucuta.co\/index.php?rest_route=%2Fwp%2Fv2%2Fmedia&parent=46098"}],"wp:term":[{"taxonomy":"category","embeddable":true,"href":"https:\/\/contraluzcucuta.co\/index.php?rest_route=%2Fwp%2Fv2%2Fcategories&post=46098"},{"taxonomy":"post_tag","embeddable":true,"href":"https:\/\/contraluzcucuta.co\/index.php?rest_route=%2Fwp%2Fv2%2Ftags&post=46098"}],"curies":[{"name":"wp","href":"https:\/\/api.w.org\/{rel}","templated":true}]}}