{"id":46042,"date":"2025-11-12T19:32:32","date_gmt":"2025-11-13T00:32:32","guid":{"rendered":"https:\/\/contraluzcucuta.co\/?p=46042"},"modified":"2025-11-12T19:33:52","modified_gmt":"2025-11-13T00:33:52","slug":"audiencia-publica-en-2025-van-mas-de-628-000-millones-para-educacion-en-el-catatumbo","status":"publish","type":"post","link":"https:\/\/contraluzcucuta.co\/?p=46042","title":{"rendered":"AUDIENCIA P\u00daBLICA. En 2025, van m\u00e1s de $ 628.000 millones para educaci\u00f3n en El Catatumbo"},"content":{"rendered":"<p style=\"text-align: right;\"><strong>BOGOT\u00c1<\/strong><\/p>\n<p><strong><span style=\"color: #ff9900;\">En audiencia p\u00fablica convocada por la Corte Constitucional para hacer seguimiento a las sentencias T-025 de 2004 y SU-020 de 2022, el ministro de Educaci\u00f3n, Daniel Rojas Medell\u00edn, present\u00f3 los avances educativos del Gobierno en El Catatumbo. Asegur\u00f3 que \u201cla educaci\u00f3n no es un servicio p\u00fablico que se presta, sino un derecho que se garantiza\u201d.<\/span><\/strong><\/p>\n<p>Estos recursos, seg\u00fan el ministro, han sido destinados a:<\/p>\n<ul>\n<li>Infraestructura escolar<\/li>\n<li>Dotaci\u00f3n pedag\u00f3gica<\/li>\n<li>Universalizaci\u00f3n del Programa de Alimentaci\u00f3n Escolar (PAE), que hoy llega al ciento por ciento de ni\u00f1os y adolescentes en El Carmen, Acar\u00ed, El Tarra, Oca\u00f1a y Sardinata.<\/li>\n<\/ul>\n<p>Destac\u00f3 que uno de los logros se concreta en 57 colegios que antes no ofrec\u00edan primaria completa y hoy garantizan la educaci\u00f3n b\u00e1sica y media. Permiten que veredas grad\u00faen por primera vez a bachilleres.<\/p>\n<p>\u201cCada joven que garantizamos es un joven que le arrebatamos a la guerra y a las econom\u00edas ilegales\u201d, afirm\u00f3 el ministro. Invit\u00f3 al acto de graduaci\u00f3n de 100 j\u00f3venes rurales de Convenci\u00f3n. El 6 de diciembre, recibir\u00e1n t\u00edtulo de bachiller sin salir del territorio.<\/p>\n<p>Otro logro beneficia a 24.479 ni\u00f1os que acceden a educaci\u00f3n inicial sin importar la nacionalidad u origen. Alcanza la cobertura del ciento por ciento en este nivel. El ministro anunci\u00f3 el fortalecimiento de la planta docente, con 804 nuevos cargos y la inversi\u00f3n de $ 12.000 millones. La prioridad son maestros con arraigo territorial y pertinencia cultural, especialmente en comunidades Bar\u00ed.<\/p>\n<p>En educaci\u00f3n superior, el Ministerio avanza con la Universidad del Catatumbo. Mientras se materializan las obras se fortalecen los programas Educaci\u00f3n Superior en tu Colegio y Tr\u00e1nsito Inmediato a la Educaci\u00f3n Superior. Hoy, benefician a m\u00e1s de 350 j\u00f3venes. Trece dejaron atr\u00e1s las econom\u00edas ilegales y son universitarios.<\/p>\n","protected":false},"excerpt":{"rendered":"<p>BOGOT\u00c1 En audiencia p\u00fablica convocada por la Corte Constitucional para hacer seguimiento a las sentencias T-025 de 2004 y SU-020 de 2022, el ministro de Educaci\u00f3n, Daniel Rojas Medell\u00edn, present\u00f3 los avances educativos del Gobierno en El Catatumbo. Asegur\u00f3 que \u201cla educaci\u00f3n no es un servicio p\u00fablico que se presta, sino un derecho que se &hellip;<\/p>\n","protected":false},"author":1,"featured_media":46043,"comment_status":"open","ping_status":"open","sticky":false,"template":"","format":"standard","meta":{"footnotes":""},"categories":[4,39],"tags":[7377,3391,246,3830],"class_list":["post-46042","post","type-post","status-publish","format-standard","has-post-thumbnail","hentry","category-barra","category-miradas-ajenas","tag-audiencia-publica","tag-corte-constitucional","tag-el-catatumbo","tag-ministerio-de-educacion"],"_links":{"self":[{"href":"https:\/\/contraluzcucuta.co\/index.php?rest_route=\/wp\/v2\/posts\/46042","targetHints":{"allow":["GET"]}}],"collection":[{"href":"https:\/\/contraluzcucuta.co\/index.php?rest_route=\/wp\/v2\/posts"}],"about":[{"href":"https:\/\/contraluzcucuta.co\/index.php?rest_route=\/wp\/v2\/types\/post"}],"author":[{"embeddable":true,"href":"https:\/\/contraluzcucuta.co\/index.php?rest_route=\/wp\/v2\/users\/1"}],"replies":[{"embeddable":true,"href":"https:\/\/contraluzcucuta.co\/index.php?rest_route=%2Fwp%2Fv2%2Fcomments&post=46042"}],"version-history":[{"count":1,"href":"https:\/\/contraluzcucuta.co\/index.php?rest_route=\/wp\/v2\/posts\/46042\/revisions"}],"predecessor-version":[{"id":46044,"href":"https:\/\/contraluzcucuta.co\/index.php?rest_route=\/wp\/v2\/posts\/46042\/revisions\/46044"}],"wp:featuredmedia":[{"embeddable":true,"href":"https:\/\/contraluzcucuta.co\/index.php?rest_route=\/wp\/v2\/media\/46043"}],"wp:attachment":[{"href":"https:\/\/contraluzcucuta.co\/index.php?rest_route=%2Fwp%2Fv2%2Fmedia&parent=46042"}],"wp:term":[{"taxonomy":"category","embeddable":true,"href":"https:\/\/contraluzcucuta.co\/index.php?rest_route=%2Fwp%2Fv2%2Fcategories&post=46042"},{"taxonomy":"post_tag","embeddable":true,"href":"https:\/\/contraluzcucuta.co\/index.php?rest_route=%2Fwp%2Fv2%2Ftags&post=46042"}],"curies":[{"name":"wp","href":"https:\/\/api.w.org\/{rel}","templated":true}]}}