{"id":46017,"date":"2025-11-09T17:31:31","date_gmt":"2025-11-09T22:31:31","guid":{"rendered":"https:\/\/contraluzcucuta.co\/?p=46017"},"modified":"2025-11-09T17:31:31","modified_gmt":"2025-11-09T22:31:31","slug":"guardianes-ambientales-compromiso-ejemplar-con-el-cuidado-de-la-naturaleza","status":"publish","type":"post","link":"https:\/\/contraluzcucuta.co\/?p=46017","title":{"rendered":"GUARDIANES AMBIENTALES. Compromiso ejemplar con el cuidado de la naturaleza"},"content":{"rendered":"<p style=\"text-align: right;\"><strong>C\u00daCUTA.<\/strong><\/p>\n<p><strong><span style=\"color: #ff9900;\">Diecis\u00e9is instituciones educativas de C\u00facuta, destacadas por el inter\u00e9s y el liderazgo en temas ambientales, participaron en el programa Guardianes Ambientales, correspondiente al segundo semestre de 2025. La ceremonia de graduaci\u00f3n se cumpli\u00f3 en el colegio Sagrado Coraz\u00f3n de Jes\u00fas.<\/span><\/strong><\/p>\n<p><a href=\"https:\/\/contraluzcucuta.co\/wp-content\/uploads\/2025\/11\/GUARDIANES-AMBIENTALES-6.jpg\"><img loading=\"lazy\" decoding=\"async\" class=\"alignnone  wp-image-46019 alignright\" src=\"https:\/\/contraluzcucuta.co\/wp-content\/uploads\/2025\/11\/GUARDIANES-AMBIENTALES-6-300x272.jpg\" alt=\"\" width=\"248\" height=\"225\" srcset=\"https:\/\/contraluzcucuta.co\/wp-content\/uploads\/2025\/11\/GUARDIANES-AMBIENTALES-6-300x272.jpg 300w, https:\/\/contraluzcucuta.co\/wp-content\/uploads\/2025\/11\/GUARDIANES-AMBIENTALES-6-768x696.jpg 768w, https:\/\/contraluzcucuta.co\/wp-content\/uploads\/2025\/11\/GUARDIANES-AMBIENTALES-6-600x544.jpg 600w, https:\/\/contraluzcucuta.co\/wp-content\/uploads\/2025\/11\/GUARDIANES-AMBIENTALES-6.jpg 950w\" sizes=\"auto, (max-width: 248px) 100vw, 248px\" \/><\/a><\/p>\n<p>El proyecto de educaci\u00f3n ambiental fue liderado por las secretar\u00edas de Ambiente y Sostenibilidad, y de Educaci\u00f3n.<\/p>\n<p>En la jornada se entregaron diplomas, dotaci\u00f3n de chalecos, gorras y material pedag\u00f3gico. Los asistentes disfrutaron con la colorida obra de teatro sobre \u2018las tres R\u2019: reducir, reutilizar y reciclar, que dej\u00f3 mensajes claros sobre la responsabilidad compartida con el medio ambiente.<\/p>\n<p>El secretario de Ambiente y Sostenibilidad, Dalai Rodr\u00edguez, dio apertura al evento y felicit\u00f3 a estudiantes y docentes, invit\u00e1ndolos a continuar con el cuidado de la naturaleza desde el hogar y los colegios.<\/p>\n<p>\u201cEl cambio comienza con peque\u00f1as acciones. Desde la secretar\u00eda de Ambiente seguiremos impulsando programas de reciclaje, protecci\u00f3n de fuentes h\u00eddricas y recuperaci\u00f3n de zonas verdes, para construir juntos una ciudad m\u00e1s verde y sostenible\u201d, expres\u00f3 Rodriguez Beltr\u00e1n.<\/p>\n<p>Como cierre se entreg\u00f3 el premio de $ 6,0 millones a la Instituci\u00f3n Educativa Manuel Fern\u00e1ndez de Novoa, del barrio Carora, por el compromiso ejemplar y los resultados sobresalientes durante el proceso.<\/p>\n","protected":false},"excerpt":{"rendered":"<p>C\u00daCUTA. Diecis\u00e9is instituciones educativas de C\u00facuta, destacadas por el inter\u00e9s y el liderazgo en temas ambientales, participaron en el programa Guardianes Ambientales, correspondiente al segundo semestre de 2025. La ceremonia de graduaci\u00f3n se cumpli\u00f3 en el colegio Sagrado Coraz\u00f3n de Jes\u00fas. El proyecto de educaci\u00f3n ambiental fue liderado por las secretar\u00edas de Ambiente y Sostenibilidad, &hellip;<\/p>\n","protected":false},"author":1,"featured_media":46018,"comment_status":"open","ping_status":"open","sticky":false,"template":"","format":"standard","meta":{"footnotes":""},"categories":[4,347],"tags":[7372,128,7371],"class_list":["post-46017","post","type-post","status-publish","format-standard","has-post-thumbnail","hentry","category-barra","category-medio-ambiente","tag-barrio-carora","tag-colegio-sagrado-corazon-de-jesus","tag-secretaria-de-ambiente-y-sostenibilidad"],"_links":{"self":[{"href":"https:\/\/contraluzcucuta.co\/index.php?rest_route=\/wp\/v2\/posts\/46017","targetHints":{"allow":["GET"]}}],"collection":[{"href":"https:\/\/contraluzcucuta.co\/index.php?rest_route=\/wp\/v2\/posts"}],"about":[{"href":"https:\/\/contraluzcucuta.co\/index.php?rest_route=\/wp\/v2\/types\/post"}],"author":[{"embeddable":true,"href":"https:\/\/contraluzcucuta.co\/index.php?rest_route=\/wp\/v2\/users\/1"}],"replies":[{"embeddable":true,"href":"https:\/\/contraluzcucuta.co\/index.php?rest_route=%2Fwp%2Fv2%2Fcomments&post=46017"}],"version-history":[{"count":1,"href":"https:\/\/contraluzcucuta.co\/index.php?rest_route=\/wp\/v2\/posts\/46017\/revisions"}],"predecessor-version":[{"id":46020,"href":"https:\/\/contraluzcucuta.co\/index.php?rest_route=\/wp\/v2\/posts\/46017\/revisions\/46020"}],"wp:featuredmedia":[{"embeddable":true,"href":"https:\/\/contraluzcucuta.co\/index.php?rest_route=\/wp\/v2\/media\/46018"}],"wp:attachment":[{"href":"https:\/\/contraluzcucuta.co\/index.php?rest_route=%2Fwp%2Fv2%2Fmedia&parent=46017"}],"wp:term":[{"taxonomy":"category","embeddable":true,"href":"https:\/\/contraluzcucuta.co\/index.php?rest_route=%2Fwp%2Fv2%2Fcategories&post=46017"},{"taxonomy":"post_tag","embeddable":true,"href":"https:\/\/contraluzcucuta.co\/index.php?rest_route=%2Fwp%2Fv2%2Ftags&post=46017"}],"curies":[{"name":"wp","href":"https:\/\/api.w.org\/{rel}","templated":true}]}}