{"id":45954,"date":"2025-10-28T18:31:55","date_gmt":"2025-10-28T23:31:55","guid":{"rendered":"https:\/\/contraluzcucuta.co\/?p=45954"},"modified":"2025-10-28T18:31:55","modified_gmt":"2025-10-28T23:31:55","slug":"firmantes-de-paz-avanza-asignacion-de-parcelas-en-norte-de-santander","status":"publish","type":"post","link":"https:\/\/contraluzcucuta.co\/?p=45954","title":{"rendered":"FIRMANTES DE PAZ. Avanza asignaci\u00f3n de parcelas en Norte de Santander"},"content":{"rendered":"<p style=\"text-align: right;\"><strong>C\u00daCUTA<\/strong><\/p>\n<p><strong><span style=\"color: #ff9900;\">La Agencia para la Reincorporaci\u00f3n y la Normalizaci\u00f3n (ARN), con acompa\u00f1amiento de la Misi\u00f3n de Verificaci\u00f3n de la ONU como garante del proceso, llev\u00f3 a cabo el sorteo de las primeras parcelas del predio Puerto Rico, zona rural de C\u00facuta. Este avance representa un paso fundamental para el traslado y la estabilizaci\u00f3n de los firmantes del Acuerdo de Paz que habitaban el antiguo ETCR Ca\u00f1o Indio (Tib\u00fa).<\/span><\/strong><\/p>\n<p style=\"text-align: left;\"><a href=\"https:\/\/contraluzcucuta.co\/wp-content\/uploads\/2025\/10\/ARN-CANO-INDIO-15.jpg\"><img loading=\"lazy\" decoding=\"async\" class=\"alignnone  wp-image-45956 alignright\" src=\"https:\/\/contraluzcucuta.co\/wp-content\/uploads\/2025\/10\/ARN-CANO-INDIO-15-300x225.jpg\" alt=\"\" width=\"252\" height=\"189\" srcset=\"https:\/\/contraluzcucuta.co\/wp-content\/uploads\/2025\/10\/ARN-CANO-INDIO-15-300x225.jpg 300w, https:\/\/contraluzcucuta.co\/wp-content\/uploads\/2025\/10\/ARN-CANO-INDIO-15-1024x768.jpg 1024w, https:\/\/contraluzcucuta.co\/wp-content\/uploads\/2025\/10\/ARN-CANO-INDIO-15-768x576.jpg 768w, https:\/\/contraluzcucuta.co\/wp-content\/uploads\/2025\/10\/ARN-CANO-INDIO-15-1536x1152.jpg 1536w, https:\/\/contraluzcucuta.co\/wp-content\/uploads\/2025\/10\/ARN-CANO-INDIO-15-600x450.jpg 600w, https:\/\/contraluzcucuta.co\/wp-content\/uploads\/2025\/10\/ARN-CANO-INDIO-15.jpg 1600w\" sizes=\"auto, (max-width: 252px) 100vw, 252px\" \/><\/a><\/p>\n<p>El predio, de 420 hect\u00e1reas, fue entregado por la Agencia Nacional de Tierras (ANT) a comienzos de a\u00f1o, en desarrollo de la estrategia Fincas para la Paz, liderada por el Gobierno para fortalecer los procesos de reincorporaci\u00f3n.<\/p>\n<p>La ANT adelant\u00f3:<\/p>\n<ul>\n<li>La parcelaci\u00f3n del terreno<\/li>\n<li>La definici\u00f3n de linderos<\/li>\n<li>La elaboraci\u00f3n de fichas de registro<\/li>\n<li>Actos administrativos para garantizar seguridad jur\u00eddica y transparencia en la asignaci\u00f3n.<\/li>\n<\/ul>\n<p><a href=\"https:\/\/contraluzcucuta.co\/wp-content\/uploads\/2025\/10\/ARN-CANO-INDIO-13.jpg\"><img loading=\"lazy\" decoding=\"async\" class=\"alignnone  wp-image-45957 alignleft\" src=\"https:\/\/contraluzcucuta.co\/wp-content\/uploads\/2025\/10\/ARN-CANO-INDIO-13-300x225.jpg\" alt=\"\" width=\"248\" height=\"186\" srcset=\"https:\/\/contraluzcucuta.co\/wp-content\/uploads\/2025\/10\/ARN-CANO-INDIO-13-300x225.jpg 300w, https:\/\/contraluzcucuta.co\/wp-content\/uploads\/2025\/10\/ARN-CANO-INDIO-13-1024x768.jpg 1024w, https:\/\/contraluzcucuta.co\/wp-content\/uploads\/2025\/10\/ARN-CANO-INDIO-13-768x576.jpg 768w, https:\/\/contraluzcucuta.co\/wp-content\/uploads\/2025\/10\/ARN-CANO-INDIO-13-1536x1152.jpg 1536w, https:\/\/contraluzcucuta.co\/wp-content\/uploads\/2025\/10\/ARN-CANO-INDIO-13-600x450.jpg 600w, https:\/\/contraluzcucuta.co\/wp-content\/uploads\/2025\/10\/ARN-CANO-INDIO-13.jpg 1600w\" sizes=\"auto, (max-width: 248px) 100vw, 248px\" \/><\/a><\/p>\n<p>\u201cPara muchas familias, este d\u00eda significa la posibilidad de volver a sembrar y cosechar, pero tambi\u00e9n la oportunidad de volver a so\u00f1ar\u201d, dijo Lorena Corvera Villamizar, coordinadora de la ARN en Norte de Santander. La tierra asignada simboliza el arraigo, la tranquilidad y la esperanza de vida construida en paz.<\/p>\n<p>\u201cQuienes un d\u00eda dejaron las armas y eligieron la legalidad, hoy avanzan hacia un futuro donde la estabilidad y la dignidad son una realidad posible. Cada parcela representa un hogar, un proyecto de vida y un compromiso con la reconciliaci\u00f3n\u201d.<\/p>\n<p>Durante el sorteo se aplic\u00f3 el enfoque diferencial, primero, personas con discapacidad, adultos mayores y poblaci\u00f3n beneficiaria. As\u00ed se garantiz\u00f3 el proceso justo, incluyente y orientado a la dignificaci\u00f3n de los proyectos de vida de quienes le apuestan a la construcci\u00f3n de paz en el pa\u00eds.<\/p>\n","protected":false},"excerpt":{"rendered":"<p>C\u00daCUTA La Agencia para la Reincorporaci\u00f3n y la Normalizaci\u00f3n (ARN), con acompa\u00f1amiento de la Misi\u00f3n de Verificaci\u00f3n de la ONU como garante del proceso, llev\u00f3 a cabo el sorteo de las primeras parcelas del predio Puerto Rico, zona rural de C\u00facuta. Este avance representa un paso fundamental para el traslado y la estabilizaci\u00f3n de los &hellip;<\/p>\n","protected":false},"author":1,"featured_media":45955,"comment_status":"open","ping_status":"open","sticky":false,"template":"","format":"standard","meta":{"footnotes":""},"categories":[11,4],"tags":[5094,6921,6817,7352],"class_list":["post-45954","post","type-post","status-publish","format-standard","has-post-thumbnail","hentry","category-cronica-roja","category-barra","tag-agencia-para-la-reincorporacion-y-la-normalizacion","tag-etcr-cano-indio","tag-firmantes-del-acuerdo-de-paz","tag-mision-de-verificacion-de-la-onu"],"_links":{"self":[{"href":"https:\/\/contraluzcucuta.co\/index.php?rest_route=\/wp\/v2\/posts\/45954","targetHints":{"allow":["GET"]}}],"collection":[{"href":"https:\/\/contraluzcucuta.co\/index.php?rest_route=\/wp\/v2\/posts"}],"about":[{"href":"https:\/\/contraluzcucuta.co\/index.php?rest_route=\/wp\/v2\/types\/post"}],"author":[{"embeddable":true,"href":"https:\/\/contraluzcucuta.co\/index.php?rest_route=\/wp\/v2\/users\/1"}],"replies":[{"embeddable":true,"href":"https:\/\/contraluzcucuta.co\/index.php?rest_route=%2Fwp%2Fv2%2Fcomments&post=45954"}],"version-history":[{"count":1,"href":"https:\/\/contraluzcucuta.co\/index.php?rest_route=\/wp\/v2\/posts\/45954\/revisions"}],"predecessor-version":[{"id":45958,"href":"https:\/\/contraluzcucuta.co\/index.php?rest_route=\/wp\/v2\/posts\/45954\/revisions\/45958"}],"wp:featuredmedia":[{"embeddable":true,"href":"https:\/\/contraluzcucuta.co\/index.php?rest_route=\/wp\/v2\/media\/45955"}],"wp:attachment":[{"href":"https:\/\/contraluzcucuta.co\/index.php?rest_route=%2Fwp%2Fv2%2Fmedia&parent=45954"}],"wp:term":[{"taxonomy":"category","embeddable":true,"href":"https:\/\/contraluzcucuta.co\/index.php?rest_route=%2Fwp%2Fv2%2Fcategories&post=45954"},{"taxonomy":"post_tag","embeddable":true,"href":"https:\/\/contraluzcucuta.co\/index.php?rest_route=%2Fwp%2Fv2%2Ftags&post=45954"}],"curies":[{"name":"wp","href":"https:\/\/api.w.org\/{rel}","templated":true}]}}