{"id":45949,"date":"2025-10-28T18:02:47","date_gmt":"2025-10-28T23:02:47","guid":{"rendered":"https:\/\/contraluzcucuta.co\/?p=45949"},"modified":"2025-10-28T18:02:47","modified_gmt":"2025-10-28T23:02:47","slug":"la-fiesta-en-teatro-2025-alcaldia-de-cucuta-se-suma-al-festival-internacional","status":"publish","type":"post","link":"https:\/\/contraluzcucuta.co\/?p=45949","title":{"rendered":"LA FIESTA EN TEATRO 2025. Alcald\u00eda de C\u00facuta se suma al festival internacional"},"content":{"rendered":"<p style=\"text-align: right;\"><strong>C\u00daCUTA.<\/strong><\/p>\n<p><strong><span style=\"color: #ff9900;\">La secretar\u00eda de Cultura y Patrimonio acompa\u00f1a el Festival Internacional La Fiesta en Teatro 2025. La celebraci\u00f3n esc\u00e9nica se desarrollar\u00e1 hasta el 1 de noviembre y re\u00fane a artistas y agrupaciones de distintos pa\u00edses y regiones del pa\u00eds.<\/span><\/strong><\/p>\n<p><a href=\"https:\/\/contraluzcucuta.co\/wp-content\/uploads\/2025\/10\/FIESTA-EN-TEATRO-2.jpg\"><img loading=\"lazy\" decoding=\"async\" class=\"alignnone size-medium wp-image-45951 alignleft\" src=\"https:\/\/contraluzcucuta.co\/wp-content\/uploads\/2025\/10\/FIESTA-EN-TEATRO-2-300x174.jpg\" alt=\"\" width=\"300\" height=\"174\" srcset=\"https:\/\/contraluzcucuta.co\/wp-content\/uploads\/2025\/10\/FIESTA-EN-TEATRO-2-300x174.jpg 300w, https:\/\/contraluzcucuta.co\/wp-content\/uploads\/2025\/10\/FIESTA-EN-TEATRO-2.jpg 344w\" sizes=\"auto, (max-width: 300px) 100vw, 300px\" \/><\/a><\/p>\n<p>El encuentro teatral cuenta con la participaci\u00f3n de 16 grupos, 5 municipios, 3 escenarios, 5 talleres de formaci\u00f3n y un conversatorio. El espacio de intercambio cultural fortalece el sector teatral.<\/p>\n<p>Las actividades son lideradas por la Casa Teatro Norte de Santander y la Corporaci\u00f3n Cultural Frente al Aire, con apoyo de la Alcald\u00eda de C\u00facuta y otros aliados del sector cultural. En C\u00facuta, las presentaciones se llevan a cabo en los teatros Zulima, Municipal, Cote Lemus y Manotas, y Centro Cultural La Bohemia, con entrada libre y aporte voluntario.<\/p>\n<p>\u201cEl Festival fortalece los procesos art\u00edsticos y permite que los cucute\u00f1os disfruten de la programaci\u00f3n diversa, con participaci\u00f3n de grupos locales, nacionales e internacionales\u201d, dijo Nadin Bayona, secretario de Cultura y Patrimonio.<\/p>\n<p>La Secretar\u00eda sique comprometida con el impulso de las artes esc\u00e9nicas como parte fundamental del desarrollo cultural de la ciudad. \u201cEs un momento de entretenimiento, algo diferente que se vive en la ciudad\u201d, destac\u00f3 Diana Silva, asistente a las funciones.<\/p>\n","protected":false},"excerpt":{"rendered":"<p>C\u00daCUTA. La secretar\u00eda de Cultura y Patrimonio acompa\u00f1a el Festival Internacional La Fiesta en Teatro 2025. La celebraci\u00f3n esc\u00e9nica se desarrollar\u00e1 hasta el 1 de noviembre y re\u00fane a artistas y agrupaciones de distintos pa\u00edses y regiones del pa\u00eds. El encuentro teatral cuenta con la participaci\u00f3n de 16 grupos, 5 municipios, 3 escenarios, 5 talleres &hellip;<\/p>\n","protected":false},"author":1,"featured_media":45950,"comment_status":"open","ping_status":"open","sticky":false,"template":"","format":"standard","meta":{"footnotes":""},"categories":[4,37],"tags":[7350,603,7351],"class_list":["post-45949","post","type-post","status-publish","format-standard","has-post-thumbnail","hentry","category-barra","category-paseo-cultural","tag-la-fiesta-en-teatro-2025","tag-secretaria-de-cultura-de-cucuta","tag-teatros-de-cucuta"],"_links":{"self":[{"href":"https:\/\/contraluzcucuta.co\/index.php?rest_route=\/wp\/v2\/posts\/45949","targetHints":{"allow":["GET"]}}],"collection":[{"href":"https:\/\/contraluzcucuta.co\/index.php?rest_route=\/wp\/v2\/posts"}],"about":[{"href":"https:\/\/contraluzcucuta.co\/index.php?rest_route=\/wp\/v2\/types\/post"}],"author":[{"embeddable":true,"href":"https:\/\/contraluzcucuta.co\/index.php?rest_route=\/wp\/v2\/users\/1"}],"replies":[{"embeddable":true,"href":"https:\/\/contraluzcucuta.co\/index.php?rest_route=%2Fwp%2Fv2%2Fcomments&post=45949"}],"version-history":[{"count":1,"href":"https:\/\/contraluzcucuta.co\/index.php?rest_route=\/wp\/v2\/posts\/45949\/revisions"}],"predecessor-version":[{"id":45953,"href":"https:\/\/contraluzcucuta.co\/index.php?rest_route=\/wp\/v2\/posts\/45949\/revisions\/45953"}],"wp:featuredmedia":[{"embeddable":true,"href":"https:\/\/contraluzcucuta.co\/index.php?rest_route=\/wp\/v2\/media\/45950"}],"wp:attachment":[{"href":"https:\/\/contraluzcucuta.co\/index.php?rest_route=%2Fwp%2Fv2%2Fmedia&parent=45949"}],"wp:term":[{"taxonomy":"category","embeddable":true,"href":"https:\/\/contraluzcucuta.co\/index.php?rest_route=%2Fwp%2Fv2%2Fcategories&post=45949"},{"taxonomy":"post_tag","embeddable":true,"href":"https:\/\/contraluzcucuta.co\/index.php?rest_route=%2Fwp%2Fv2%2Ftags&post=45949"}],"curies":[{"name":"wp","href":"https:\/\/api.w.org\/{rel}","templated":true}]}}