{"id":45837,"date":"2025-10-19T08:43:40","date_gmt":"2025-10-19T13:43:40","guid":{"rendered":"https:\/\/contraluzcucuta.co\/?p=45837"},"modified":"2025-10-19T08:43:40","modified_gmt":"2025-10-19T13:43:40","slug":"cultura-2026-abierta-convocatoria-para-eleccion-de-consejeros","status":"publish","type":"post","link":"https:\/\/contraluzcucuta.co\/?p=45837","title":{"rendered":"CULTURA 2026. Abierta convocatoria para elecci\u00f3n de consejeros"},"content":{"rendered":"<p style=\"text-align: right;\"><strong>C\u00daCUTA.<\/strong><\/p>\n<p><strong><span style=\"color: #ff9900;\">Artistas, gestores y creadores representantes de los sectores culturales de C\u00facuta est\u00e1n invitados a participar en la Elecci\u00f3n de los Consejeros de Cultura 2026 \u2013 2029. El espacio de participaci\u00f3n ciudadana fortalece la toma de decisiones en materia cultural.<\/span><\/strong><\/p>\n<p><a href=\"https:\/\/contraluzcucuta.co\/wp-content\/uploads\/2025\/10\/CASA-DE-LA-CULTURA-2.jpg\"><img loading=\"lazy\" decoding=\"async\" class=\"alignnone  wp-image-45839 alignleft\" src=\"https:\/\/contraluzcucuta.co\/wp-content\/uploads\/2025\/10\/CASA-DE-LA-CULTURA-2-240x300.jpg\" alt=\"\" width=\"214\" height=\"268\" srcset=\"https:\/\/contraluzcucuta.co\/wp-content\/uploads\/2025\/10\/CASA-DE-LA-CULTURA-2-240x300.jpg 240w, https:\/\/contraluzcucuta.co\/wp-content\/uploads\/2025\/10\/CASA-DE-LA-CULTURA-2-819x1024.jpg 819w, https:\/\/contraluzcucuta.co\/wp-content\/uploads\/2025\/10\/CASA-DE-LA-CULTURA-2-768x960.jpg 768w, https:\/\/contraluzcucuta.co\/wp-content\/uploads\/2025\/10\/CASA-DE-LA-CULTURA-2-600x750.jpg 600w, https:\/\/contraluzcucuta.co\/wp-content\/uploads\/2025\/10\/CASA-DE-LA-CULTURA-2.jpg 1126w\" sizes=\"auto, (max-width: 214px) 100vw, 214px\" \/><\/a><\/p>\n<p>La secretar\u00eda de Cultura y Patrimonio municipal inform\u00f3 que las inscripciones estar\u00e1n abiertas hasta el 30 de octubre. Candidatos y votantes, podr\u00e1n llevar a cabo el proceso mediante los c\u00f3digos QR disponibles en las piezas informativas oficiales.<\/p>\n<p>El siguiente es el calendario:<\/p>\n<ul>\n<li>30 de octubre. Cierre de inscripciones y verificaci\u00f3n de requisitos.<\/li>\n<li>4 de noviembre. Publicaci\u00f3n de la lista de candidatos.<\/li>\n<li>5 al 13 de noviembre. Socializaci\u00f3n y presentaci\u00f3n de propuestas.<\/li>\n<li>13 de noviembre. Jornada de elecci\u00f3n de los consejeros.<\/li>\n<li>16 de diciembre. Posesi\u00f3n de los consejeros electos.<\/li>\n<\/ul>\n<p>\u201cQueremos que cada sector cultural tenga voz y liderazgo en la construcci\u00f3n del futuro art\u00edstico de nuestra ciudad\u201d, afirm\u00f3 Nadim Bayona P\u00e9rez, secretario de Cultura y Patrimonio de C\u00facuta.<\/p>\n<p>La elecci\u00f3n ser\u00e1 la oportunidad para fortalecer la participaci\u00f3n y el sentido de pertenencia de los creadores y la oportunidad para que los sectores culturales aporten ideas, experiencias y liderazgo.<\/p>\n<p>@alcaldiacucuta<\/p>\n","protected":false},"excerpt":{"rendered":"<p>C\u00daCUTA. Artistas, gestores y creadores representantes de los sectores culturales de C\u00facuta est\u00e1n invitados a participar en la Elecci\u00f3n de los Consejeros de Cultura 2026 \u2013 2029. El espacio de participaci\u00f3n ciudadana fortalece la toma de decisiones en materia cultural. La secretar\u00eda de Cultura y Patrimonio municipal inform\u00f3 que las inscripciones estar\u00e1n abiertas hasta el &hellip;<\/p>\n","protected":false},"author":1,"featured_media":45838,"comment_status":"open","ping_status":"open","sticky":false,"template":"","format":"standard","meta":{"footnotes":""},"categories":[4,37],"tags":[7323,7064],"class_list":["post-45837","post","type-post","status-publish","format-standard","has-post-thumbnail","hentry","category-barra","category-paseo-cultural","tag-consejeros-de-cultura","tag-secretaria-de-cultura-y-patrimonio"],"_links":{"self":[{"href":"https:\/\/contraluzcucuta.co\/index.php?rest_route=\/wp\/v2\/posts\/45837","targetHints":{"allow":["GET"]}}],"collection":[{"href":"https:\/\/contraluzcucuta.co\/index.php?rest_route=\/wp\/v2\/posts"}],"about":[{"href":"https:\/\/contraluzcucuta.co\/index.php?rest_route=\/wp\/v2\/types\/post"}],"author":[{"embeddable":true,"href":"https:\/\/contraluzcucuta.co\/index.php?rest_route=\/wp\/v2\/users\/1"}],"replies":[{"embeddable":true,"href":"https:\/\/contraluzcucuta.co\/index.php?rest_route=%2Fwp%2Fv2%2Fcomments&post=45837"}],"version-history":[{"count":1,"href":"https:\/\/contraluzcucuta.co\/index.php?rest_route=\/wp\/v2\/posts\/45837\/revisions"}],"predecessor-version":[{"id":45840,"href":"https:\/\/contraluzcucuta.co\/index.php?rest_route=\/wp\/v2\/posts\/45837\/revisions\/45840"}],"wp:featuredmedia":[{"embeddable":true,"href":"https:\/\/contraluzcucuta.co\/index.php?rest_route=\/wp\/v2\/media\/45838"}],"wp:attachment":[{"href":"https:\/\/contraluzcucuta.co\/index.php?rest_route=%2Fwp%2Fv2%2Fmedia&parent=45837"}],"wp:term":[{"taxonomy":"category","embeddable":true,"href":"https:\/\/contraluzcucuta.co\/index.php?rest_route=%2Fwp%2Fv2%2Fcategories&post=45837"},{"taxonomy":"post_tag","embeddable":true,"href":"https:\/\/contraluzcucuta.co\/index.php?rest_route=%2Fwp%2Fv2%2Ftags&post=45837"}],"curies":[{"name":"wp","href":"https:\/\/api.w.org\/{rel}","templated":true}]}}