{"id":45802,"date":"2025-10-16T08:52:48","date_gmt":"2025-10-16T13:52:48","guid":{"rendered":"https:\/\/contraluzcucuta.co\/?p=45802"},"modified":"2025-10-16T08:52:48","modified_gmt":"2025-10-16T13:52:48","slug":"reciclemos-juntos-puerta-a-puerta-los-cucutenos-conoceran-la-importancia-de-separar-los-residuos","status":"publish","type":"post","link":"https:\/\/contraluzcucuta.co\/?p=45802","title":{"rendered":"RECICLEMOS JUNTOS. Puerta a puerta, los cucute\u00f1os conocer\u00e1n la importancia de separar los residuos"},"content":{"rendered":"<p style=\"text-align: right;\"><strong>C\u00daCUTA.<\/strong><\/p>\n<p><strong><span style=\"color: #ff9900;\">La Alcald\u00eda de C\u00facuta acompa\u00f1\u00f3 la jornada de sensibilizaci\u00f3n en manejo de residuos s\u00f3lidos, emprendida por la Asociaci\u00f3n de Recicladores de C\u00facuta con apoyo de Visi\u00f3n Circular ANDI, en San Mart\u00edn y Siglo XXI. La iniciativa se desarrollar\u00e1 hasta el 17 de octubre. Puerta a puerta, las familias conocer\u00e1n la importancia de separar los residuos en casa y contribuir al cuidado del medio ambiente.<\/span><\/strong><\/p>\n<p><a href=\"https:\/\/contraluzcucuta.co\/wp-content\/uploads\/2025\/10\/RECICLADORES-3.jpg\"><img loading=\"lazy\" decoding=\"async\" class=\"alignnone  wp-image-45804 alignleft\" src=\"https:\/\/contraluzcucuta.co\/wp-content\/uploads\/2025\/10\/RECICLADORES-3-300x223.jpg\" alt=\"\" width=\"248\" height=\"184\" srcset=\"https:\/\/contraluzcucuta.co\/wp-content\/uploads\/2025\/10\/RECICLADORES-3-300x223.jpg 300w, https:\/\/contraluzcucuta.co\/wp-content\/uploads\/2025\/10\/RECICLADORES-3-1024x762.jpg 1024w, https:\/\/contraluzcucuta.co\/wp-content\/uploads\/2025\/10\/RECICLADORES-3-768x571.jpg 768w, https:\/\/contraluzcucuta.co\/wp-content\/uploads\/2025\/10\/RECICLADORES-3-600x446.jpg 600w, https:\/\/contraluzcucuta.co\/wp-content\/uploads\/2025\/10\/RECICLADORES-3.jpg 1145w\" sizes=\"auto, (max-width: 248px) 100vw, 248px\" \/><\/a><\/p>\n<p>En la Urbanizaci\u00f3n San Mart\u00edn y los barrios San Mart\u00edn y Siglo XXI, profesionales ambientales y recicladores compartieron informaci\u00f3n y entregaron bolsas ciento por ciento reciclables con ilustraciones de los materiales que deben ser separados y entregados a la asociaci\u00f3n lunes, mi\u00e9rcoles y viernes, para el proceso de reciclaje y uso nuevamente.<\/p>\n<p>Dalai Rodr\u00edguez, secretario de Ambiente y Sostenibilidad, dijo que \u201cla meta es impactar positivamente a cerca de mil familias durante la ma\u00f1ana y tarde, por las calles de la Comuna 4\u201d. Invit\u00f3 a los vecinos de los sectores a que se unan, participen y abran espacio al reciclaje.<\/p>\n<p>\u201cEsta campa\u00f1a busca educar y establecer el h\u00e1bito permanente que transforme la ciudad. Con el esfuerzo diario, aseguramos la huella ambiental\u201d, agreg\u00f3 el funcionario.<\/p>\n<p>La Alcald\u00eda insisti\u00f3 en el compromiso con la sostenibilidad y agradeci\u00f3 a la Asociaci\u00f3n de Recicladores y a Visi\u00f3n Circular ANDI por la labor en la campa\u00f1a.<\/p>\n","protected":false},"excerpt":{"rendered":"<p>C\u00daCUTA. La Alcald\u00eda de C\u00facuta acompa\u00f1\u00f3 la jornada de sensibilizaci\u00f3n en manejo de residuos s\u00f3lidos, emprendida por la Asociaci\u00f3n de Recicladores de C\u00facuta con apoyo de Visi\u00f3n Circular ANDI, en San Mart\u00edn y Siglo XXI. La iniciativa se desarrollar\u00e1 hasta el 17 de octubre. Puerta a puerta, las familias conocer\u00e1n la importancia de separar los &hellip;<\/p>\n","protected":false},"author":1,"featured_media":45803,"comment_status":"open","ping_status":"open","sticky":false,"template":"","format":"standard","meta":{"footnotes":""},"categories":[4,36],"tags":[226,7316],"class_list":["post-45802","post","type-post","status-publish","format-standard","has-post-thumbnail","hentry","category-barra","category-la-voz-del-pueblo","tag-alcaldia-de-cucuta","tag-asociacion-de-recicladores-de-cucuta"],"_links":{"self":[{"href":"https:\/\/contraluzcucuta.co\/index.php?rest_route=\/wp\/v2\/posts\/45802","targetHints":{"allow":["GET"]}}],"collection":[{"href":"https:\/\/contraluzcucuta.co\/index.php?rest_route=\/wp\/v2\/posts"}],"about":[{"href":"https:\/\/contraluzcucuta.co\/index.php?rest_route=\/wp\/v2\/types\/post"}],"author":[{"embeddable":true,"href":"https:\/\/contraluzcucuta.co\/index.php?rest_route=\/wp\/v2\/users\/1"}],"replies":[{"embeddable":true,"href":"https:\/\/contraluzcucuta.co\/index.php?rest_route=%2Fwp%2Fv2%2Fcomments&post=45802"}],"version-history":[{"count":1,"href":"https:\/\/contraluzcucuta.co\/index.php?rest_route=\/wp\/v2\/posts\/45802\/revisions"}],"predecessor-version":[{"id":45805,"href":"https:\/\/contraluzcucuta.co\/index.php?rest_route=\/wp\/v2\/posts\/45802\/revisions\/45805"}],"wp:featuredmedia":[{"embeddable":true,"href":"https:\/\/contraluzcucuta.co\/index.php?rest_route=\/wp\/v2\/media\/45803"}],"wp:attachment":[{"href":"https:\/\/contraluzcucuta.co\/index.php?rest_route=%2Fwp%2Fv2%2Fmedia&parent=45802"}],"wp:term":[{"taxonomy":"category","embeddable":true,"href":"https:\/\/contraluzcucuta.co\/index.php?rest_route=%2Fwp%2Fv2%2Fcategories&post=45802"},{"taxonomy":"post_tag","embeddable":true,"href":"https:\/\/contraluzcucuta.co\/index.php?rest_route=%2Fwp%2Fv2%2Ftags&post=45802"}],"curies":[{"name":"wp","href":"https:\/\/api.w.org\/{rel}","templated":true}]}}