{"id":45798,"date":"2025-10-15T17:09:37","date_gmt":"2025-10-15T22:09:37","guid":{"rendered":"https:\/\/contraluzcucuta.co\/?p=45798"},"modified":"2025-10-15T17:09:37","modified_gmt":"2025-10-15T22:09:37","slug":"espacio-publico-vigias-regularan-ocupacion-indebida-de-andenes","status":"publish","type":"post","link":"https:\/\/contraluzcucuta.co\/?p=45798","title":{"rendered":"ESPACIO P\u00daBLICO. \u00a0Vig\u00edas regular\u00e1n ocupaci\u00f3n indebida de andenes"},"content":{"rendered":"<p style=\"text-align: right;\"><strong>C\u00daCUTA.<\/strong><\/p>\n<p><strong><span style=\"color: #ff9900;\">La Alcald\u00eda, mediante convenio interinstitucional con Corpocero, trabaja en el cuidado y la recuperaci\u00f3n del espacio p\u00fablico sobre la avenida Cero. Los Vig\u00edas del Espacio P\u00fablico, mediante el di\u00e1logo y t\u00e9cnicas de persuasi\u00f3n, regular\u00e1n la ocupaci\u00f3n indebida del espacio p\u00fablico.<\/span><\/strong><\/p>\n<p><a href=\"https:\/\/contraluzcucuta.co\/wp-content\/uploads\/2025\/10\/VIGIAS-DEL-ESPACIO-PUBLICO-2.jpg\"><img loading=\"lazy\" decoding=\"async\" class=\"alignnone  wp-image-45800 alignleft\" src=\"https:\/\/contraluzcucuta.co\/wp-content\/uploads\/2025\/10\/VIGIAS-DEL-ESPACIO-PUBLICO-2-300x225.jpg\" alt=\"\" width=\"255\" height=\"191\" srcset=\"https:\/\/contraluzcucuta.co\/wp-content\/uploads\/2025\/10\/VIGIAS-DEL-ESPACIO-PUBLICO-2-300x225.jpg 300w, https:\/\/contraluzcucuta.co\/wp-content\/uploads\/2025\/10\/VIGIAS-DEL-ESPACIO-PUBLICO-2-1024x768.jpg 1024w, https:\/\/contraluzcucuta.co\/wp-content\/uploads\/2025\/10\/VIGIAS-DEL-ESPACIO-PUBLICO-2-768x576.jpg 768w, https:\/\/contraluzcucuta.co\/wp-content\/uploads\/2025\/10\/VIGIAS-DEL-ESPACIO-PUBLICO-2-600x450.jpg 600w, https:\/\/contraluzcucuta.co\/wp-content\/uploads\/2025\/10\/VIGIAS-DEL-ESPACIO-PUBLICO-2.jpg 1280w\" sizes=\"auto, (max-width: 255px) 100vw, 255px\" \/><\/a><\/p>\n<p>Entre otros problemas atender\u00e1n:<\/p>\n<ul>\n<li>Habitantes de calle<\/li>\n<li>Consumo de sustancias sicoactivas<\/li>\n<li>Disposici\u00f3n inadecuada de basuras<\/li>\n<li>Estacionamiento sobre andenes.<\/li>\n<\/ul>\n<p>Los habitantes de calle que manifiesten de manera voluntaria inter\u00e9s de comenzar el proceso de deshabituaci\u00f3n y rehabilitaci\u00f3n tendr\u00e1n acompa\u00f1amiento institucional y se activar\u00e1 la ruta para facilitar el proceso. Los vig\u00edas operan en motocicletas y veh\u00edculo tipo van, para transportar a los habitantes de calle.<\/p>\n<p>\u201cHemos logrado intervenir la avenida Cero y diferentes lugares que se hab\u00edan convertido en escenarios de consumo y focos de inseguridad\u201d, dijo el secretario de Gobierno, Miguel Castellanos. Esta es la respuesta al llamado de la comunidad y de los comerciantes, que durante varios a\u00f1os afrontaron este inconveniente.<\/p>\n<p>Otras intervenciones se han efectuado en la avenida primera, barrio Los Caobos y parques Santander, Nacional, C\u00facuta 300 a\u00f1os y La Victoria. Los Vig\u00edas del Espacio P\u00fablico ejercen mayor control de los problemas que afectan el espacio p\u00fablico en el municipio.<\/p>\n","protected":false},"excerpt":{"rendered":"<p>C\u00daCUTA. La Alcald\u00eda, mediante convenio interinstitucional con Corpocero, trabaja en el cuidado y la recuperaci\u00f3n del espacio p\u00fablico sobre la avenida Cero. Los Vig\u00edas del Espacio P\u00fablico, mediante el di\u00e1logo y t\u00e9cnicas de persuasi\u00f3n, regular\u00e1n la ocupaci\u00f3n indebida del espacio p\u00fablico. Entre otros problemas atender\u00e1n: Habitantes de calle Consumo de sustancias sicoactivas Disposici\u00f3n inadecuada de &hellip;<\/p>\n","protected":false},"author":1,"featured_media":45799,"comment_status":"open","ping_status":"open","sticky":false,"template":"","format":"standard","meta":{"footnotes":""},"categories":[4,36],"tags":[7281,2934,7315],"class_list":["post-45798","post","type-post","status-publish","format-standard","has-post-thumbnail","hentry","category-barra","category-la-voz-del-pueblo","tag-corpocero","tag-secretaria-de-gobierno","tag-vigias-del-espacio-publico"],"_links":{"self":[{"href":"https:\/\/contraluzcucuta.co\/index.php?rest_route=\/wp\/v2\/posts\/45798","targetHints":{"allow":["GET"]}}],"collection":[{"href":"https:\/\/contraluzcucuta.co\/index.php?rest_route=\/wp\/v2\/posts"}],"about":[{"href":"https:\/\/contraluzcucuta.co\/index.php?rest_route=\/wp\/v2\/types\/post"}],"author":[{"embeddable":true,"href":"https:\/\/contraluzcucuta.co\/index.php?rest_route=\/wp\/v2\/users\/1"}],"replies":[{"embeddable":true,"href":"https:\/\/contraluzcucuta.co\/index.php?rest_route=%2Fwp%2Fv2%2Fcomments&post=45798"}],"version-history":[{"count":1,"href":"https:\/\/contraluzcucuta.co\/index.php?rest_route=\/wp\/v2\/posts\/45798\/revisions"}],"predecessor-version":[{"id":45801,"href":"https:\/\/contraluzcucuta.co\/index.php?rest_route=\/wp\/v2\/posts\/45798\/revisions\/45801"}],"wp:featuredmedia":[{"embeddable":true,"href":"https:\/\/contraluzcucuta.co\/index.php?rest_route=\/wp\/v2\/media\/45799"}],"wp:attachment":[{"href":"https:\/\/contraluzcucuta.co\/index.php?rest_route=%2Fwp%2Fv2%2Fmedia&parent=45798"}],"wp:term":[{"taxonomy":"category","embeddable":true,"href":"https:\/\/contraluzcucuta.co\/index.php?rest_route=%2Fwp%2Fv2%2Fcategories&post=45798"},{"taxonomy":"post_tag","embeddable":true,"href":"https:\/\/contraluzcucuta.co\/index.php?rest_route=%2Fwp%2Fv2%2Ftags&post=45798"}],"curies":[{"name":"wp","href":"https:\/\/api.w.org\/{rel}","templated":true}]}}