{"id":45794,"date":"2025-10-15T16:48:56","date_gmt":"2025-10-15T21:48:56","guid":{"rendered":"https:\/\/contraluzcucuta.co\/?p=45794"},"modified":"2025-10-15T16:48:56","modified_gmt":"2025-10-15T21:48:56","slug":"vias-para-la-paz-el-catatumbo-en-la-lista-de-los-15-billones-para-acelerar-la-conectividad-regional","status":"publish","type":"post","link":"https:\/\/contraluzcucuta.co\/?p=45794","title":{"rendered":"V\u00cdAS PARA LA PAZ. El Catatumbo, en la lista de los $ 15 billones para acelerar la conectividad regional"},"content":{"rendered":"<p style=\"text-align: right;\"><strong>BOGOT\u00c1.<\/strong><\/p>\n<p><strong><span style=\"color: #ff9900;\">La Transversal del Catatumbo (Convenci\u00f3n \u2013 Tib\u00fa \u2013 El Tarra y Convenci\u00f3n \u2013 La Mata) hace parte del programa V\u00edas para la Paz. La iniciativa del Gobierno asegura hasta $ 15,04 billones para el mejoramiento, construcci\u00f3n, rehabilitaci\u00f3n, mantenimiento de corredores viales nacionales y regionales.<\/span><\/strong><\/p>\n<figure id=\"attachment_45796\" aria-describedby=\"caption-attachment-45796\" style=\"width: 300px\" class=\"wp-caption alignleft\"><a href=\"https:\/\/contraluzcucuta.co\/wp-content\/uploads\/2025\/10\/EL-CATATUMBO-VIAS-1.webp\"><img loading=\"lazy\" decoding=\"async\" class=\"size-medium wp-image-45796\" src=\"https:\/\/contraluzcucuta.co\/wp-content\/uploads\/2025\/10\/EL-CATATUMBO-VIAS-1-300x150.webp\" alt=\"\" width=\"300\" height=\"150\" srcset=\"https:\/\/contraluzcucuta.co\/wp-content\/uploads\/2025\/10\/EL-CATATUMBO-VIAS-1-300x150.webp 300w, https:\/\/contraluzcucuta.co\/wp-content\/uploads\/2025\/10\/EL-CATATUMBO-VIAS-1-660x330.webp 660w, https:\/\/contraluzcucuta.co\/wp-content\/uploads\/2025\/10\/EL-CATATUMBO-VIAS-1-600x300.webp 600w, https:\/\/contraluzcucuta.co\/wp-content\/uploads\/2025\/10\/EL-CATATUMBO-VIAS-1.webp 700w\" sizes=\"auto, (max-width: 300px) 100vw, 300px\" \/><\/a><figcaption id=\"caption-attachment-45796\" class=\"wp-caption-text\"><em>Foto: Ministerio del Transporte<\/em><\/figcaption><\/figure>\n<p>El Departamento Nacional de Planeaci\u00f3n (DNP) lider\u00f3 la formulaci\u00f3n y la aprobaci\u00f3n del CONPES que declara de Importancia Estrat\u00e9gica para ampliar la conectividad y el desarrollo socioecon\u00f3mico, y avanzar en la consolidaci\u00f3n de la paz, la integraci\u00f3n territorial y el cierre de brechas.<\/p>\n<p>Natalia Irene Molina, directora general del DNP, explic\u00f3 el alcance del programa, que incluye 20 proyectos distribuidos en el Pac\u00edfico, El Catatumbo, La Guajira, La Mojana, Antioquia, Arauca, Cundinamarca, Huila y Putumayo. Las obras ser\u00e1n ejecutadas por INV\u00cdAS entre 2026 y 2035, en l\u00ednea con el PND 2022\u20132026 \u201cColombia, Potencia Mundial de la Vida&#8217;.<\/p>\n<p>El mapa del programa destaca en rojo los corredores prioritarios para la paz en Choc\u00f3, El Catatumbo, Cauca, Nari\u00f1o y Buenaventura.<\/p>\n<p>Muchas de estas intervenciones recogen compromisos de los Pactos Territoriales firmados por el Gobierno con comunidades y autoridades locales. Entre los impactos y beneficios destacan:<\/p>\n<ul>\n<li>Empleo y oportunidades. M\u00e1s de 39.000 empleos directos y 262.000 indirectos, para dinamizar econom\u00edas locales.<\/li>\n<li>Ahorros para los usuarios. Reducci\u00f3n de $ 2,5 billones\/a\u00f1o en costos de operaci\u00f3n vehicular y $ 18,7 millones de horas menos de viaje al a\u00f1o.<\/li>\n<li>Infraestructura resiliente. Continuidad operativa y menor vulnerabilidad ante deslizamientos, inundaciones y fallas estructurales, con corredores seguros y eficientes.<\/li>\n<\/ul>\n","protected":false},"excerpt":{"rendered":"<p>BOGOT\u00c1. La Transversal del Catatumbo (Convenci\u00f3n \u2013 Tib\u00fa \u2013 El Tarra y Convenci\u00f3n \u2013 La Mata) hace parte del programa V\u00edas para la Paz. La iniciativa del Gobierno asegura hasta $ 15,04 billones para el mejoramiento, construcci\u00f3n, rehabilitaci\u00f3n, mantenimiento de corredores viales nacionales y regionales. El Departamento Nacional de Planeaci\u00f3n (DNP) lider\u00f3 la formulaci\u00f3n y &hellip;<\/p>\n","protected":false},"author":1,"featured_media":45795,"comment_status":"open","ping_status":"open","sticky":false,"template":"","format":"standard","meta":{"footnotes":""},"categories":[4,32],"tags":[1157,7313,7314],"class_list":["post-45794","post","type-post","status-publish","format-standard","has-post-thumbnail","hentry","category-barra","category-recorrido-por-la-region","tag-departamento-nacional-de-planeacion","tag-transversal-del-catatumbo","tag-vias-para-la-paz"],"_links":{"self":[{"href":"https:\/\/contraluzcucuta.co\/index.php?rest_route=\/wp\/v2\/posts\/45794","targetHints":{"allow":["GET"]}}],"collection":[{"href":"https:\/\/contraluzcucuta.co\/index.php?rest_route=\/wp\/v2\/posts"}],"about":[{"href":"https:\/\/contraluzcucuta.co\/index.php?rest_route=\/wp\/v2\/types\/post"}],"author":[{"embeddable":true,"href":"https:\/\/contraluzcucuta.co\/index.php?rest_route=\/wp\/v2\/users\/1"}],"replies":[{"embeddable":true,"href":"https:\/\/contraluzcucuta.co\/index.php?rest_route=%2Fwp%2Fv2%2Fcomments&post=45794"}],"version-history":[{"count":1,"href":"https:\/\/contraluzcucuta.co\/index.php?rest_route=\/wp\/v2\/posts\/45794\/revisions"}],"predecessor-version":[{"id":45797,"href":"https:\/\/contraluzcucuta.co\/index.php?rest_route=\/wp\/v2\/posts\/45794\/revisions\/45797"}],"wp:featuredmedia":[{"embeddable":true,"href":"https:\/\/contraluzcucuta.co\/index.php?rest_route=\/wp\/v2\/media\/45795"}],"wp:attachment":[{"href":"https:\/\/contraluzcucuta.co\/index.php?rest_route=%2Fwp%2Fv2%2Fmedia&parent=45794"}],"wp:term":[{"taxonomy":"category","embeddable":true,"href":"https:\/\/contraluzcucuta.co\/index.php?rest_route=%2Fwp%2Fv2%2Fcategories&post=45794"},{"taxonomy":"post_tag","embeddable":true,"href":"https:\/\/contraluzcucuta.co\/index.php?rest_route=%2Fwp%2Fv2%2Ftags&post=45794"}],"curies":[{"name":"wp","href":"https:\/\/api.w.org\/{rel}","templated":true}]}}