{"id":45748,"date":"2025-10-11T10:49:51","date_gmt":"2025-10-11T15:49:51","guid":{"rendered":"https:\/\/contraluzcucuta.co\/?p=45748"},"modified":"2025-10-11T10:49:51","modified_gmt":"2025-10-11T15:49:51","slug":"gestion-de-la-movilidad-alcaldia-da-por-terminado-convenio-con-policia-de-transito","status":"publish","type":"post","link":"https:\/\/contraluzcucuta.co\/?p=45748","title":{"rendered":"GESTI\u00d3N DE LA MOVILIDAD. Alcald\u00eda da por terminado convenio con Polic\u00eda de Tr\u00e1nsito"},"content":{"rendered":"<p style=\"text-align: right;\"><strong>C\u00daCUTA.<\/strong><\/p>\n<p><strong><span style=\"color: #ff9900;\">Las funciones de regulaci\u00f3n, control y gesti\u00f3n de la movilidad ser\u00e1n asumidas, en pleno, por el cuerpo civil de Agentes de Tr\u00e1nsito (alf\u00e9reces). As\u00ed lo explic\u00f3 el secretario de Movilidad, Joan Botello Apolinar, al anunciar que el convenio interadministrativo suscrito con la Polic\u00eda Direcci\u00f3n de Tr\u00e1nsito y Transporte, culminar\u00e1 el 13 de octubre.<\/span><\/strong><\/p>\n<p><a href=\"https:\/\/contraluzcucuta.co\/wp-content\/uploads\/2025\/10\/ALFEREZ-CIVILES-1.png\"><img loading=\"lazy\" decoding=\"async\" class=\"alignnone  wp-image-45750 alignright\" src=\"https:\/\/contraluzcucuta.co\/wp-content\/uploads\/2025\/10\/ALFEREZ-CIVILES-1-300x300.png\" alt=\"\" width=\"245\" height=\"245\" srcset=\"https:\/\/contraluzcucuta.co\/wp-content\/uploads\/2025\/10\/ALFEREZ-CIVILES-1-300x300.png 300w, https:\/\/contraluzcucuta.co\/wp-content\/uploads\/2025\/10\/ALFEREZ-CIVILES-1-150x150.png 150w, https:\/\/contraluzcucuta.co\/wp-content\/uploads\/2025\/10\/ALFEREZ-CIVILES-1-100x100.png 100w, https:\/\/contraluzcucuta.co\/wp-content\/uploads\/2025\/10\/ALFEREZ-CIVILES-1.png 540w\" sizes=\"auto, (max-width: 245px) 100vw, 245px\" \/><\/a><\/p>\n<p>\u201cLa ciudad cuenta con un equipo s\u00f3lido y preparado de agentes civiles que suplen de manera eficiente las funciones que ven\u00eda desarrollando la Polic\u00eda de Tr\u00e1nsito\u201d, dijo el funcionario. Desde el punto de vista presupuestal, el modelo resulta m\u00e1s sostenible para las finanzas del municipio.<\/p>\n<p>La administraci\u00f3n municipal, la Agencia Nacional de Seguridad Vial y la Federaci\u00f3n de Municipios, por medio del Sistema Integrado de Informaci\u00f3n sobre Multas y Sanciones por Infracciones de Tr\u00e1nsito trabajar\u00e1n unidas con el prop\u00f3sito de construir el fortalecimiento institucional.<\/p>\n<p>El cuerpo operativo est\u00e1 conformado por 53 agentes civiles y 150 articuladores viales. Cumplen labores de acompa\u00f1amiento, pedagog\u00eda, regulaci\u00f3n y control en los principales corredores de la ciudad. La Alcald\u00eda tiene proyectado incrementar en 20 el n\u00famero de agentes, para llegar a 80 alf\u00e9reces civiles.<\/p>\n<p>Los agentes de tr\u00e1nsito han concentrado esfuerzos para reducir la siniestralidad vial y garantizar la movilidad, con \u00e9nfasis en zonas de mayor complejidad. El centro de la ciudad, las rutas de transporte p\u00fablico y las salidas de instituciones educativas son atendidas por el personal civil.<\/p>\n<p>\u201cHemos evidenciado una leve, pero significativa disminuci\u00f3n, en los \u00edndices de siniestralidad, y mejor respuesta ante cierres viales, obras o movilizaciones sociales\u201d, agreg\u00f3 Botello.<\/p>\n","protected":false},"excerpt":{"rendered":"<p>C\u00daCUTA. Las funciones de regulaci\u00f3n, control y gesti\u00f3n de la movilidad ser\u00e1n asumidas, en pleno, por el cuerpo civil de Agentes de Tr\u00e1nsito (alf\u00e9reces). As\u00ed lo explic\u00f3 el secretario de Movilidad, Joan Botello Apolinar, al anunciar que el convenio interadministrativo suscrito con la Polic\u00eda Direcci\u00f3n de Tr\u00e1nsito y Transporte, culminar\u00e1 el 13 de octubre. \u201cLa &hellip;<\/p>\n","protected":false},"author":1,"featured_media":45749,"comment_status":"open","ping_status":"open","sticky":false,"template":"","format":"standard","meta":{"footnotes":""},"categories":[45,4],"tags":[3906,7299,7301,7300,7070],"class_list":["post-45748","post","type-post","status-publish","format-standard","has-post-thumbnail","hentry","category-destacado","category-barra","tag-agencia-nacional-de-seguridad-vial","tag-agentes-de-transito","tag-federacion-de-municipios","tag-policia-direccion-de-transito-y-transporte","tag-secretaria-de-movilidad"],"_links":{"self":[{"href":"https:\/\/contraluzcucuta.co\/index.php?rest_route=\/wp\/v2\/posts\/45748","targetHints":{"allow":["GET"]}}],"collection":[{"href":"https:\/\/contraluzcucuta.co\/index.php?rest_route=\/wp\/v2\/posts"}],"about":[{"href":"https:\/\/contraluzcucuta.co\/index.php?rest_route=\/wp\/v2\/types\/post"}],"author":[{"embeddable":true,"href":"https:\/\/contraluzcucuta.co\/index.php?rest_route=\/wp\/v2\/users\/1"}],"replies":[{"embeddable":true,"href":"https:\/\/contraluzcucuta.co\/index.php?rest_route=%2Fwp%2Fv2%2Fcomments&post=45748"}],"version-history":[{"count":1,"href":"https:\/\/contraluzcucuta.co\/index.php?rest_route=\/wp\/v2\/posts\/45748\/revisions"}],"predecessor-version":[{"id":45751,"href":"https:\/\/contraluzcucuta.co\/index.php?rest_route=\/wp\/v2\/posts\/45748\/revisions\/45751"}],"wp:featuredmedia":[{"embeddable":true,"href":"https:\/\/contraluzcucuta.co\/index.php?rest_route=\/wp\/v2\/media\/45749"}],"wp:attachment":[{"href":"https:\/\/contraluzcucuta.co\/index.php?rest_route=%2Fwp%2Fv2%2Fmedia&parent=45748"}],"wp:term":[{"taxonomy":"category","embeddable":true,"href":"https:\/\/contraluzcucuta.co\/index.php?rest_route=%2Fwp%2Fv2%2Fcategories&post=45748"},{"taxonomy":"post_tag","embeddable":true,"href":"https:\/\/contraluzcucuta.co\/index.php?rest_route=%2Fwp%2Fv2%2Ftags&post=45748"}],"curies":[{"name":"wp","href":"https:\/\/api.w.org\/{rel}","templated":true}]}}