{"id":45738,"date":"2025-10-10T17:27:29","date_gmt":"2025-10-10T22:27:29","guid":{"rendered":"https:\/\/contraluzcucuta.co\/?p=45738"},"modified":"2025-10-10T17:27:29","modified_gmt":"2025-10-10T22:27:29","slug":"ruta-a-la-formalizacion-apoyo-para-los-emprendedores-de-la-ciudad","status":"publish","type":"post","link":"https:\/\/contraluzcucuta.co\/?p=45738","title":{"rendered":"RUTA A LA FORMALIZACI\u00d3N. Apoyo para los emprendedores de la ciudad"},"content":{"rendered":"<p style=\"text-align: right;\"><strong>C\u00daCUTA.<\/strong><\/p>\n<p><strong><span style=\"color: #ff9900;\">La Oficina de Emprendimiento y Acceso al Cr\u00e9dito \u2013 Banco del Progreso, acompa\u00f1\u00f3, junto a la Gobernaci\u00f3n de Norte de Santander, la jornada \u2018Ruta de la Formalizaci\u00f3n: Naci\u00f3n y Territorio\u2019, liderada por la Direcci\u00f3n de Impuestos y Aduanas Nacionales (DIAN).<\/span><\/strong><\/p>\n<p><a href=\"https:\/\/contraluzcucuta.co\/wp-content\/uploads\/2025\/10\/BANCO-DEL-PROGRESO-FORMALIZACION-1.jpg\"><img loading=\"lazy\" decoding=\"async\" class=\"alignnone  wp-image-45739 alignleft\" src=\"https:\/\/contraluzcucuta.co\/wp-content\/uploads\/2025\/10\/BANCO-DEL-PROGRESO-FORMALIZACION-1-300x225.jpg\" alt=\"\" width=\"247\" height=\"185\" srcset=\"https:\/\/contraluzcucuta.co\/wp-content\/uploads\/2025\/10\/BANCO-DEL-PROGRESO-FORMALIZACION-1-300x225.jpg 300w, https:\/\/contraluzcucuta.co\/wp-content\/uploads\/2025\/10\/BANCO-DEL-PROGRESO-FORMALIZACION-1-1024x768.jpg 1024w, https:\/\/contraluzcucuta.co\/wp-content\/uploads\/2025\/10\/BANCO-DEL-PROGRESO-FORMALIZACION-1-768x576.jpg 768w, https:\/\/contraluzcucuta.co\/wp-content\/uploads\/2025\/10\/BANCO-DEL-PROGRESO-FORMALIZACION-1-600x450.jpg 600w, https:\/\/contraluzcucuta.co\/wp-content\/uploads\/2025\/10\/BANCO-DEL-PROGRESO-FORMALIZACION-1.jpg 1280w\" sizes=\"auto, (max-width: 247px) 100vw, 247px\" \/><\/a><\/p>\n<p>El encuentro, desarrollado en el Centro Cultural Quinta Teresa, reuni\u00f3 a emprendedores, comerciantes y empresarios de la regi\u00f3n interesados en conocer las herramientas y los beneficios que ofrece la formalizaci\u00f3n para fortalecer y hacer crecer los negocios.<\/p>\n<p>Funcionarios de la DIAN ofrecieron informaci\u00f3n sobre:<\/p>\n<ul>\n<li>R\u00e9gimen Simple de Tributaci\u00f3n (RST)<\/li>\n<li>Inscripci\u00f3n y actualizaci\u00f3n del RUT<\/li>\n<li>Registro \u00danico de Beneficiarios Finales (RUB)<\/li>\n<li>Plan Canguro Exportador.<\/li>\n<\/ul>\n<p>Los programas est\u00e1n orientados a promover la competitividad y la sostenibilidad empresarial en el pa\u00eds.<\/p>\n<p>El secretario de la Oficina de Emprendimiento y Acceso al Cr\u00e9dito \u2013 Banco del Progreso, Luis Javier Chaves, destac\u00f3 la importancia de la articulaci\u00f3n entre las entidades nacionales y territoriales. \u201cDesde la Alcald\u00eda de C\u00facuta promovemos estas iniciativas que unen la institucionalidad para apoyar a los emprendedores de la ciudad y avanzar hacia la formalizaci\u00f3n\u201d.<\/p>\n<p>C\u00facuta, por mucho tiempo, tuvo el nivel de informalidad superior al 70 %. Hoy, la cifra se ha reducido al 61 %. La Alcald\u00eda trabaja para lograr la formalidad de emprendedores y empresarios, para que den el siguiente salto y generen empleo.<\/p>\n<p>Los emprendedores resaltaron la utilidad del espacio. Robinson Blanco manifest\u00f3 que estas jornadas son fundamentales para el desarrollo de los negocios locales. \u201cEstos eventos nos ayudan mucho a sacar adelante nuestros productos. Conocemos personas que pueden orientarnos, ense\u00f1arnos y ayudarnos en el crecimiento. Todo esto nos impulsa a seguir fortaleciendo nuestros negocios\u201d.<\/p>\n","protected":false},"excerpt":{"rendered":"<p>C\u00daCUTA. La Oficina de Emprendimiento y Acceso al Cr\u00e9dito \u2013 Banco del Progreso, acompa\u00f1\u00f3, junto a la Gobernaci\u00f3n de Norte de Santander, la jornada \u2018Ruta de la Formalizaci\u00f3n: Naci\u00f3n y Territorio\u2019, liderada por la Direcci\u00f3n de Impuestos y Aduanas Nacionales (DIAN). El encuentro, desarrollado en el Centro Cultural Quinta Teresa, reuni\u00f3 a emprendedores, comerciantes y &hellip;<\/p>\n","protected":false},"author":1,"featured_media":45740,"comment_status":"open","ping_status":"open","sticky":false,"template":"","format":"standard","meta":{"footnotes":""},"categories":[2625,4],"tags":[6400,6503,379,7297],"class_list":["post-45738","post","type-post","status-publish","format-standard","has-post-thumbnail","hentry","category-alcaldia-de-cucuta","category-barra","tag-banco-del-progreso-de-cucuta","tag-dian-cucuta","tag-gobernacion-de-norte-de-santander","tag-ruta-de-la-formalizacion"],"_links":{"self":[{"href":"https:\/\/contraluzcucuta.co\/index.php?rest_route=\/wp\/v2\/posts\/45738","targetHints":{"allow":["GET"]}}],"collection":[{"href":"https:\/\/contraluzcucuta.co\/index.php?rest_route=\/wp\/v2\/posts"}],"about":[{"href":"https:\/\/contraluzcucuta.co\/index.php?rest_route=\/wp\/v2\/types\/post"}],"author":[{"embeddable":true,"href":"https:\/\/contraluzcucuta.co\/index.php?rest_route=\/wp\/v2\/users\/1"}],"replies":[{"embeddable":true,"href":"https:\/\/contraluzcucuta.co\/index.php?rest_route=%2Fwp%2Fv2%2Fcomments&post=45738"}],"version-history":[{"count":1,"href":"https:\/\/contraluzcucuta.co\/index.php?rest_route=\/wp\/v2\/posts\/45738\/revisions"}],"predecessor-version":[{"id":45741,"href":"https:\/\/contraluzcucuta.co\/index.php?rest_route=\/wp\/v2\/posts\/45738\/revisions\/45741"}],"wp:featuredmedia":[{"embeddable":true,"href":"https:\/\/contraluzcucuta.co\/index.php?rest_route=\/wp\/v2\/media\/45740"}],"wp:attachment":[{"href":"https:\/\/contraluzcucuta.co\/index.php?rest_route=%2Fwp%2Fv2%2Fmedia&parent=45738"}],"wp:term":[{"taxonomy":"category","embeddable":true,"href":"https:\/\/contraluzcucuta.co\/index.php?rest_route=%2Fwp%2Fv2%2Fcategories&post=45738"},{"taxonomy":"post_tag","embeddable":true,"href":"https:\/\/contraluzcucuta.co\/index.php?rest_route=%2Fwp%2Fv2%2Ftags&post=45738"}],"curies":[{"name":"wp","href":"https:\/\/api.w.org\/{rel}","templated":true}]}}