{"id":45728,"date":"2025-10-10T16:30:48","date_gmt":"2025-10-10T21:30:48","guid":{"rendered":"https:\/\/contraluzcucuta.co\/?p=45728"},"modified":"2025-10-10T16:30:48","modified_gmt":"2025-10-10T21:30:48","slug":"atencion-a-la-comunidad-secretaria-de-salud-acerca-sus-servicios-a-los-barrios-cucutenos","status":"publish","type":"post","link":"https:\/\/contraluzcucuta.co\/?p=45728","title":{"rendered":"ATENCI\u00d3N A LA COMUNIDAD. Secretar\u00eda de Salud acerca sus servicios a los barrios cucute\u00f1os"},"content":{"rendered":"<p style=\"text-align: right;\"><strong>C\u00daCUTA.<\/strong><\/p>\n<p><strong><span style=\"color: #ff9900;\">Las jornadas de atenci\u00f3n para la comunidad son espacios gratuitos en los que los ciudadanos reciben orientaci\u00f3n, acompa\u00f1amiento y servicios b\u00e1sicos de salud sin necesidad de citas previas. El prop\u00f3sito de la secretar\u00eda de Salud Municipal es fortalecer la atenci\u00f3n integral y garantizar el acceso en la ciudad.<\/span><\/strong><\/p>\n<p><a href=\"https:\/\/contraluzcucuta.co\/wp-content\/uploads\/2025\/10\/SECRETARIA-DE-SALUD-COMUNIDAD-1.jpg\"><img loading=\"lazy\" decoding=\"async\" class=\"alignnone  wp-image-45730 alignleft\" src=\"https:\/\/contraluzcucuta.co\/wp-content\/uploads\/2025\/10\/SECRETARIA-DE-SALUD-COMUNIDAD-1-300x225.jpg\" alt=\"\" width=\"247\" height=\"185\" srcset=\"https:\/\/contraluzcucuta.co\/wp-content\/uploads\/2025\/10\/SECRETARIA-DE-SALUD-COMUNIDAD-1-300x225.jpg 300w, https:\/\/contraluzcucuta.co\/wp-content\/uploads\/2025\/10\/SECRETARIA-DE-SALUD-COMUNIDAD-1-1024x768.jpg 1024w, https:\/\/contraluzcucuta.co\/wp-content\/uploads\/2025\/10\/SECRETARIA-DE-SALUD-COMUNIDAD-1-768x576.jpg 768w, https:\/\/contraluzcucuta.co\/wp-content\/uploads\/2025\/10\/SECRETARIA-DE-SALUD-COMUNIDAD-1-600x450.jpg 600w, https:\/\/contraluzcucuta.co\/wp-content\/uploads\/2025\/10\/SECRETARIA-DE-SALUD-COMUNIDAD-1.jpg 1280w\" sizes=\"auto, (max-width: 247px) 100vw, 247px\" \/><\/a><\/p>\n<p>La comunidad recibe orientaci\u00f3n en:<\/p>\n<ul>\n<li>Promoci\u00f3n de entornos laborales seguros<\/li>\n<li>Solicitud de certificado de discapacidad<\/li>\n<li>Registro de cuidadores<\/li>\n<li>Afiliaciones, traslados y portabilidades en el r\u00e9gimen subsidiado<\/li>\n<li>Vacunaci\u00f3n y desparasitaci\u00f3n infantil<\/li>\n<li>Vacunaci\u00f3n canina y felina.<\/li>\n<\/ul>\n<p>El Servicio de Atenci\u00f3n al Ciudadano (SAC) informa sobre c\u00f3mo efectuar peticiones, quejas o reclamos frente a la prestaci\u00f3n de los servicios de salud en el municipio. En articulaci\u00f3n con otros programas institucionales, se ofrecen servicios de medicina general y actualizaci\u00f3n del Sisb\u00e9n, para mantener la continuidad en los beneficios del sistema de salud, entre otros servicios.<\/p>\n<p>La secretaria de Salud, Taiz Ortega, visit\u00f3 el barrio Juan Bautista Scalabrini y el corregimiento San Faustino, con el prop\u00f3sito de acercar los servicios a la comunidad. Las jornadas se desarrollan con apoyo del Sisb\u00e9n, Bienestar Social, Cooperaci\u00f3n Internacional y otras instituciones de la Alcald\u00eda de C\u00facuta.<\/p>\n<p>Las jornadas han llegado a las 10 comunas y a la zona rural en Puerto Villamizar, Banco de Arena, Agua Clara y Oripaya.<\/p>\n<p>&nbsp;<\/p>\n","protected":false},"excerpt":{"rendered":"<p>C\u00daCUTA. Las jornadas de atenci\u00f3n para la comunidad son espacios gratuitos en los que los ciudadanos reciben orientaci\u00f3n, acompa\u00f1amiento y servicios b\u00e1sicos de salud sin necesidad de citas previas. El prop\u00f3sito de la secretar\u00eda de Salud Municipal es fortalecer la atenci\u00f3n integral y garantizar el acceso en la ciudad. La comunidad recibe orientaci\u00f3n en: Promoci\u00f3n &hellip;<\/p>\n","protected":false},"author":1,"featured_media":45729,"comment_status":"open","ping_status":"open","sticky":false,"template":"","format":"standard","meta":{"footnotes":""},"categories":[4,36],"tags":[3235,7295,7296],"class_list":["post-45728","post","type-post","status-publish","format-standard","has-post-thumbnail","hentry","category-barra","category-la-voz-del-pueblo","tag-secretaria-de-salud-municipal","tag-servicio-de-atencion-al-ciudadano","tag-sisben"],"_links":{"self":[{"href":"https:\/\/contraluzcucuta.co\/index.php?rest_route=\/wp\/v2\/posts\/45728","targetHints":{"allow":["GET"]}}],"collection":[{"href":"https:\/\/contraluzcucuta.co\/index.php?rest_route=\/wp\/v2\/posts"}],"about":[{"href":"https:\/\/contraluzcucuta.co\/index.php?rest_route=\/wp\/v2\/types\/post"}],"author":[{"embeddable":true,"href":"https:\/\/contraluzcucuta.co\/index.php?rest_route=\/wp\/v2\/users\/1"}],"replies":[{"embeddable":true,"href":"https:\/\/contraluzcucuta.co\/index.php?rest_route=%2Fwp%2Fv2%2Fcomments&post=45728"}],"version-history":[{"count":1,"href":"https:\/\/contraluzcucuta.co\/index.php?rest_route=\/wp\/v2\/posts\/45728\/revisions"}],"predecessor-version":[{"id":45731,"href":"https:\/\/contraluzcucuta.co\/index.php?rest_route=\/wp\/v2\/posts\/45728\/revisions\/45731"}],"wp:featuredmedia":[{"embeddable":true,"href":"https:\/\/contraluzcucuta.co\/index.php?rest_route=\/wp\/v2\/media\/45729"}],"wp:attachment":[{"href":"https:\/\/contraluzcucuta.co\/index.php?rest_route=%2Fwp%2Fv2%2Fmedia&parent=45728"}],"wp:term":[{"taxonomy":"category","embeddable":true,"href":"https:\/\/contraluzcucuta.co\/index.php?rest_route=%2Fwp%2Fv2%2Fcategories&post=45728"},{"taxonomy":"post_tag","embeddable":true,"href":"https:\/\/contraluzcucuta.co\/index.php?rest_route=%2Fwp%2Fv2%2Ftags&post=45728"}],"curies":[{"name":"wp","href":"https:\/\/api.w.org\/{rel}","templated":true}]}}