{"id":45723,"date":"2025-10-10T16:09:21","date_gmt":"2025-10-10T21:09:21","guid":{"rendered":"https:\/\/contraluzcucuta.co\/?p=45723"},"modified":"2025-10-10T16:09:21","modified_gmt":"2025-10-10T21:09:21","slug":"dia-del-veterano-ejemplo-de-compromiso-sacrificio-y-lealtad","status":"publish","type":"post","link":"https:\/\/contraluzcucuta.co\/?p=45723","title":{"rendered":"D\u00cdA DEL VETERANO. Ejemplo de compromiso, sacrificio y lealtad"},"content":{"rendered":"<p style=\"text-align: right;\"><strong>C\u00daCUTA.<\/strong><\/p>\n<p><strong><span style=\"color: #ff9900;\">La viceministra de Veteranos, Ana Catalina Cano, encabez\u00f3, en C\u00facuta, la ceremonia para conmemorar el D\u00eda del Veterano. El objetivo es expresar respeto y gratitud a hombres y mujeres que vistieron el uniforme con orgullo, y dejaron huella imborrable en la historia del pa\u00eds.<\/span><\/strong><\/p>\n<p style=\"text-align: center;\"><a href=\"https:\/\/contraluzcucuta.co\/wp-content\/uploads\/2025\/10\/DIA-DEL-VETERANO-1.jpg\"><img loading=\"lazy\" decoding=\"async\" class=\"alignnone size-medium wp-image-45725\" src=\"https:\/\/contraluzcucuta.co\/wp-content\/uploads\/2025\/10\/DIA-DEL-VETERANO-1-300x225.jpg\" alt=\"\" width=\"300\" height=\"225\" srcset=\"https:\/\/contraluzcucuta.co\/wp-content\/uploads\/2025\/10\/DIA-DEL-VETERANO-1-300x225.jpg 300w, https:\/\/contraluzcucuta.co\/wp-content\/uploads\/2025\/10\/DIA-DEL-VETERANO-1-1024x768.jpg 1024w, https:\/\/contraluzcucuta.co\/wp-content\/uploads\/2025\/10\/DIA-DEL-VETERANO-1-768x576.jpg 768w, https:\/\/contraluzcucuta.co\/wp-content\/uploads\/2025\/10\/DIA-DEL-VETERANO-1-600x450.jpg 600w, https:\/\/contraluzcucuta.co\/wp-content\/uploads\/2025\/10\/DIA-DEL-VETERANO-1.jpg 1280w\" sizes=\"auto, (max-width: 300px) 100vw, 300px\" \/><\/a> <a href=\"https:\/\/contraluzcucuta.co\/wp-content\/uploads\/2025\/10\/DIA-DEL-VETERANO-2.jpg\"><img loading=\"lazy\" decoding=\"async\" class=\"alignnone  wp-image-45726\" src=\"https:\/\/contraluzcucuta.co\/wp-content\/uploads\/2025\/10\/DIA-DEL-VETERANO-2-300x252.jpg\" alt=\"\" width=\"266\" height=\"223\" srcset=\"https:\/\/contraluzcucuta.co\/wp-content\/uploads\/2025\/10\/DIA-DEL-VETERANO-2-300x252.jpg 300w, https:\/\/contraluzcucuta.co\/wp-content\/uploads\/2025\/10\/DIA-DEL-VETERANO-2-768x645.jpg 768w, https:\/\/contraluzcucuta.co\/wp-content\/uploads\/2025\/10\/DIA-DEL-VETERANO-2-600x504.jpg 600w, https:\/\/contraluzcucuta.co\/wp-content\/uploads\/2025\/10\/DIA-DEL-VETERANO-2.jpg 817w\" sizes=\"auto, (max-width: 266px) 100vw, 266px\" \/><\/a><\/p>\n<p>Los veteranos del Ej\u00e9rcito son ejemplo de compromiso, sacrificio y lealtad. La entrega perdura en cada soldado que defiende la soberan\u00eda y la libertad de la naci\u00f3n.<\/p>\n<p>En Pamplona y Oca\u00f1a, tambi\u00e9n, se rindi\u00f3 homenaje a quienes con valent\u00eda, honor y amor por la Patria dedicaron los mejores a\u00f1os de la vida al servicio de Colombia.<\/p>\n<p>El brigadier general Rodolfo Morales, comandante de la Segunda Divisi\u00f3n, y el brigadier general Mario Contreras, comandante de la Brigada 30, oficiales de la Polic\u00eda y representantes de la Gobernaci\u00f3n Norte de Santander y la Alcald\u00eda de C\u00facuta participaron en el acto.<\/p>\n","protected":false},"excerpt":{"rendered":"<p>C\u00daCUTA. La viceministra de Veteranos, Ana Catalina Cano, encabez\u00f3, en C\u00facuta, la ceremonia para conmemorar el D\u00eda del Veterano. El objetivo es expresar respeto y gratitud a hombres y mujeres que vistieron el uniforme con orgullo, y dejaron huella imborrable en la historia del pa\u00eds. Los veteranos del Ej\u00e9rcito son ejemplo de compromiso, sacrificio y &hellip;<\/p>\n","protected":false},"author":1,"featured_media":45724,"comment_status":"open","ping_status":"open","sticky":false,"template":"","format":"standard","meta":{"footnotes":""},"categories":[11,4],"tags":[7294,299,7293],"class_list":["post-45723","post","type-post","status-publish","format-standard","has-post-thumbnail","hentry","category-cronica-roja","category-barra","tag-dia-del-veterano","tag-ejercito-de-colombia","tag-viceministerio-de-veteranos"],"_links":{"self":[{"href":"https:\/\/contraluzcucuta.co\/index.php?rest_route=\/wp\/v2\/posts\/45723","targetHints":{"allow":["GET"]}}],"collection":[{"href":"https:\/\/contraluzcucuta.co\/index.php?rest_route=\/wp\/v2\/posts"}],"about":[{"href":"https:\/\/contraluzcucuta.co\/index.php?rest_route=\/wp\/v2\/types\/post"}],"author":[{"embeddable":true,"href":"https:\/\/contraluzcucuta.co\/index.php?rest_route=\/wp\/v2\/users\/1"}],"replies":[{"embeddable":true,"href":"https:\/\/contraluzcucuta.co\/index.php?rest_route=%2Fwp%2Fv2%2Fcomments&post=45723"}],"version-history":[{"count":1,"href":"https:\/\/contraluzcucuta.co\/index.php?rest_route=\/wp\/v2\/posts\/45723\/revisions"}],"predecessor-version":[{"id":45727,"href":"https:\/\/contraluzcucuta.co\/index.php?rest_route=\/wp\/v2\/posts\/45723\/revisions\/45727"}],"wp:featuredmedia":[{"embeddable":true,"href":"https:\/\/contraluzcucuta.co\/index.php?rest_route=\/wp\/v2\/media\/45724"}],"wp:attachment":[{"href":"https:\/\/contraluzcucuta.co\/index.php?rest_route=%2Fwp%2Fv2%2Fmedia&parent=45723"}],"wp:term":[{"taxonomy":"category","embeddable":true,"href":"https:\/\/contraluzcucuta.co\/index.php?rest_route=%2Fwp%2Fv2%2Fcategories&post=45723"},{"taxonomy":"post_tag","embeddable":true,"href":"https:\/\/contraluzcucuta.co\/index.php?rest_route=%2Fwp%2Fv2%2Ftags&post=45723"}],"curies":[{"name":"wp","href":"https:\/\/api.w.org\/{rel}","templated":true}]}}